{"id":2802,"date":"2025-05-01T22:16:00","date_gmt":"2025-05-02T01:16:00","guid":{"rendered":"https:\/\/sermusicos.com\/?p=2802"},"modified":"2025-05-02T20:38:48","modified_gmt":"2025-05-02T23:38:48","slug":"pazzmusica","status":"publish","type":"post","link":"https:\/\/sermusicos.com\/index.php\/2025\/05\/01\/pazzmusica\/","title":{"rendered":"Viaje musical de Pazz: Migrar, tocar y sanar"},"content":{"rendered":"\t\t<div data-elementor-type=\"wp-post\" data-elementor-id=\"2802\" class=\"elementor elementor-2802\">\n\t\t\t\t<div class=\"elementor-element elementor-element-d74fac1 e-flex e-con-boxed e-con e-parent\" data-id=\"d74fac1\" data-element_type=\"container\">\n\t\t\t\t\t<div class=\"e-con-inner\">\n\t\t\t\t<div class=\"elementor-element elementor-element-f6355f8 elementor-widget elementor-widget-text-editor\" data-id=\"f6355f8\" data-element_type=\"widget\" data-widget_type=\"text-editor.default\">\n\t\t\t\t\t\t\t\t\t<p><b><i>Pazz nos cuenta: &#8220;Compongo por esa necesidad de expresar y gestionar lo que sucede con esta condici\u00f3n humana; me lleva a la calma&#8221;.<\/i><\/b><\/p><p style=\"font-size: 18px; font-style: normal; font-weight: 400;\"><a style=\"background-color: #ffffff; font-size: 1rem;\" href=\"https:\/\/www.instagram.com\/pazz.ok_\/\" target=\"_blank\" rel=\"noopener\">Pazz<\/a>\u00a0es un m\u00fasico venezolano emergente que empez\u00f3 a sonar hace unos pocos a\u00f1os en el coraz\u00f3n de Buenos Aires con intr\u00e9pidas fusiones de ritmos folcl\u00f3ricos y caribe\u00f1os, la sensualidad del R&amp;B, la sensaci\u00f3n el\u00e9ctrica del blues-rock y el ritmo en\u00e9rgico de la m\u00fasica Urbana.<\/p><p style=\"font-size: 18px; font-style: normal; font-weight: 400;\">Este blend preciso y robusto lo llev\u00f3 a tener alrededor de 150.000 streams en sus principales canciones de Spotify y 16.200 de seguidores en Instagram, pero eso es solo la punta del Iceberg, porque ning\u00fan artista aparece de la nada.<\/p><p style=\"font-size: 18px; font-style: normal;\"><span style=\"font-weight: 400;\">En esta <\/span><b>nota exclusiva<\/b> te vamos a contar todo sobre este incre\u00edble y multifac\u00e9tico artista trotamundos.<\/p>\t\t\t\t\t\t\t\t<\/div>\n\t\t\t\t<div class=\"elementor-element elementor-element-8b5846b elementor-widget elementor-widget-image\" data-id=\"8b5846b\" data-element_type=\"widget\" data-widget_type=\"image.default\">\n\t\t\t\t\t\t\t\t\t\t\t\t\t\t\t<img fetchpriority=\"high\" decoding=\"async\" width=\"1024\" height=\"720\" src=\"https:\/\/sermusicos.com\/wp-content\/uploads\/2025\/05\/Pazz-en-vivo-1024x720.jpg\" class=\"attachment-large size-large wp-image-2955\" alt=\"Pazz en Makena 2024\" \/>\t\t\t\t\t\t\t\t\t\t\t\t\t\t\t<\/div>\n\t\t\t\t<div class=\"elementor-element elementor-element-349b7aa elementor-align-center elementor-widget elementor-widget-button\" data-id=\"349b7aa\" data-element_type=\"widget\" data-widget_type=\"button.default\">\n\t\t\t\t\t\t\t\t\t\t<a class=\"elementor-button elementor-button-link elementor-size-sm\" href=\"https:\/\/open.spotify.com\/intl-es\/artist\/38QjfFQ2Qj5pYKEfP1UZXz?si=2JNeB6_bRseN710e7_mHIg\">\n\t\t\t\t\t\t<span class=\"elementor-button-content-wrapper\">\n\t\t\t\t\t\t\t\t\t<span class=\"elementor-button-text\">Escucha a Pazz en Spotify<\/span>\n\t\t\t\t\t<\/span>\n\t\t\t\t\t<\/a>\n\t\t\t\t\t\t\t\t<\/div>\n\t\t\t\t\t<\/div>\n\t\t\t\t<\/div>\n\t\t<div class=\"elementor-element elementor-element-dff9907 e-flex e-con-boxed e-con e-parent\" data-id=\"dff9907\" data-element_type=\"container\">\n\t\t\t\t\t<div class=\"e-con-inner\">\n\t\t\t\t<div class=\"elementor-element elementor-element-d338885 elementor-widget-divider--view-line elementor-widget elementor-widget-divider\" data-id=\"d338885\" data-element_type=\"widget\" data-widget_type=\"divider.default\">\n\t\t\t\t\t\t\t<div class=\"elementor-divider\">\n\t\t\t<span class=\"elementor-divider-separator\">\n\t\t\t\t\t\t<\/span>\n\t\t<\/div>\n\t\t\t\t\t\t<\/div>\n\t\t\t\t\t<\/div>\n\t\t\t\t<\/div>\n\t\t<div class=\"elementor-element elementor-element-1804dc2 e-flex e-con-boxed e-con e-parent\" data-id=\"1804dc2\" data-element_type=\"container\">\n\t\t\t\t\t<div class=\"e-con-inner\">\n\t\t\t\t<div class=\"elementor-element elementor-element-1c55612 elementor-widget elementor-widget-heading\" data-id=\"1c55612\" data-element_type=\"widget\" data-widget_type=\"heading.default\">\n\t\t\t\t\t<h2 class=\"elementor-heading-title elementor-size-default\">No siempre hubo Pazz<\/h2>\t\t\t\t<\/div>\n\t\t\t\t\t<\/div>\n\t\t\t\t<\/div>\n\t\t<div class=\"elementor-element elementor-element-e9f678a e-flex e-con-boxed e-con e-parent\" data-id=\"e9f678a\" data-element_type=\"container\">\n\t\t\t\t\t<div class=\"e-con-inner\">\n\t\t\t\t<div class=\"elementor-element elementor-element-60e5eac elementor-widget elementor-widget-text-editor\" data-id=\"60e5eac\" data-element_type=\"widget\" data-widget_type=\"text-editor.default\">\n\t\t\t\t\t\t\t\t\t<p>En verdad no hubo un solo viaje en la vida de Pazz, fueron muchos los desaf\u00edos que debi\u00f3 enfrentar este sensible artista, pero aqu\u00ed vamos a hablar de los dos principales: El viaje interno y el viaje externo.<\/p><p>Antes de migrar en el \u00e9xodo de venezolanos, que ve\u00edan como su tierra era menos f\u00e9rtil para el progreso cada d\u00eda, enfrent\u00f3 un viaje de conocimiento interno. Es as\u00ed como un joven llamado Juan Diego Paz Molero empez\u00f3 su aventura, y ese viaje continuar\u00eda hasta el d\u00eda de hoy.<\/p><p>Nacido en\u00a0<a href=\"https:\/\/es.wikipedia.org\/wiki\/Maracaibo\" target=\"_blank\" rel=\"noopener\">Maracaibo, Zulia<\/a>, donde el folclor se mama desde la ni\u00f1ez, Juan Diego tuvo contacto con la m\u00fasica desde siempre. Pero no a\u00fan no sab\u00eda que ese iba a ser su principal canal de expresi\u00f3n, as\u00ed como su mayor preocupaci\u00f3n en un agridulce pase de comedia de la vida.<\/p>\t\t\t\t\t\t\t\t<\/div>\n\t\t\t\t\t<\/div>\n\t\t\t\t<\/div>\n\t\t<div class=\"elementor-element elementor-element-c5881fe e-flex e-con-boxed e-con e-parent\" data-id=\"c5881fe\" data-element_type=\"container\">\n\t\t\t\t\t<div class=\"e-con-inner\">\n\t\t\t\t<div class=\"elementor-element elementor-element-ebf64b1 elementor-widget elementor-widget-image\" data-id=\"ebf64b1\" data-element_type=\"widget\" data-widget_type=\"image.default\">\n\t\t\t\t\t\t\t\t\t\t\t\t\t\t\t<img decoding=\"async\" width=\"960\" height=\"720\" src=\"https:\/\/sermusicos.com\/wp-content\/uploads\/2025\/05\/IMG_3666.jpg\" class=\"attachment-large size-large wp-image-2843\" alt=\"Pazz en su ni\u00f1ez\" \/>\t\t\t\t\t\t\t\t\t\t\t\t\t\t\t<\/div>\n\t\t\t\t<div class=\"elementor-element elementor-element-c5218b7 elementor-widget elementor-widget-text-editor\" data-id=\"c5218b7\" data-element_type=\"widget\" data-widget_type=\"text-editor.default\">\n\t\t\t\t\t\t\t\t\t<p style=\"text-align: center;\"><i>Pazz en su ni\u00f1ez, Zulia de los a\u00f1os noventas.<\/i><\/p>\t\t\t\t\t\t\t\t<\/div>\n\t\t\t\t\t<\/div>\n\t\t\t\t<\/div>\n\t\t<div class=\"elementor-element elementor-element-a07c433 e-flex e-con-boxed e-con e-parent\" data-id=\"a07c433\" data-element_type=\"container\">\n\t\t\t\t\t<div class=\"e-con-inner\">\n\t\t\t\t<div class=\"elementor-element elementor-element-358ab7d elementor-widget elementor-widget-text-editor\" data-id=\"358ab7d\" data-element_type=\"widget\" data-widget_type=\"text-editor.default\">\n\t\t\t\t\t\t\t\t\t<p>El desaf\u00edo vocacional en los m\u00fasicos suele estar marcado por la falta de creencia externa y la b\u00fasqueda de validaci\u00f3n de la sociedad, es por eso que antes de licenciarse en m\u00fasica <i>-T\u00edtulo que perder\u00eda sin retorno entre otros documentos al escapar de Venezuela-<\/i> Pazz se cort\u00f3 con la navaja de la baja autoestima, dudando de sus dotes y saltando en carreras como Ingenier\u00eda inform\u00e1tica o Dise\u00f1o Gr\u00e1fico.<\/p><p>Esa desestabilizaci\u00f3n interna lo llev\u00f3 a un preocupante y temprano alcoholismo del cual s\u00f3lo lo sac\u00f3 su m\u00fasica. <b>&#8220;&#8230;Cuando el m\u00e9dico vi\u00f3 mis manos con la piel pelada me dijo que hab\u00eda visto casos de cirrosis serios, pero nunca en alguien tan j\u00f3ven. Me dije huev\u00f3n, me estoy arruinando, tengo que salir de ac\u00e1&#8230;&#8221;<\/b><\/p><h4>As\u00ed fue como m\u00fasicos locales de su ciudad lo inspiraron y empez\u00f3 la licenciatura en m\u00fasica.<\/h4><p>No s\u00f3lo se recibi\u00f3 como licenciado en m\u00fasica a pesar de todas las dificultades econ\u00f3micas que se viv\u00edan en Venezuela, sino que adem\u00e1s, en el proceso form\u00f3 el dueto de Blues <i>&#8220;Sargento Sesenta&#8221;<\/i> donde fue guitarrista-armonicista y con cual que recorri\u00f3 la escena local en vivo; grabando su primer material de estudio hasta que el pa\u00eds explot\u00f3 y su necesidad de migrar se volvi\u00f3 inminente. <b>&#8220;&#8230;Me fui con lo puesto, nunca imagin\u00e9 que no podr\u00eda volver.&#8221;<\/b><\/p>\t\t\t\t\t\t\t\t<\/div>\n\t\t\t\t\t<\/div>\n\t\t\t\t<\/div>\n\t\t<div class=\"elementor-element elementor-element-7314c0e e-flex e-con-boxed e-con e-parent\" data-id=\"7314c0e\" data-element_type=\"container\">\n\t\t\t\t\t<div class=\"e-con-inner\">\n\t\t\t\t<div class=\"elementor-element elementor-element-ce12223 elementor-widget elementor-widget-image\" data-id=\"ce12223\" data-element_type=\"widget\" data-widget_type=\"image.default\">\n\t\t\t\t\t\t\t\t\t\t\t\t\t\t\t<img decoding=\"async\" width=\"640\" height=\"640\" src=\"https:\/\/sermusicos.com\/wp-content\/uploads\/2025\/05\/IMG_1819.jpg\" class=\"attachment-large size-large wp-image-2847\" alt=\"Pazz en un periodico de Zulia\" \/>\t\t\t\t\t\t\t\t\t\t\t\t\t\t\t<\/div>\n\t\t\t\t<div class=\"elementor-element elementor-element-56401b3 elementor-widget elementor-widget-text-editor\" data-id=\"56401b3\" data-element_type=\"widget\" data-widget_type=\"text-editor.default\">\n\t\t\t\t\t\t\t\t\t<p style=\"text-align: center;\">Fotograf\u00eda de Sargento Sesenta de Gira en un peri\u00f3dico regional.<\/p>\t\t\t\t\t\t\t\t<\/div>\n\t\t\t\t\t<\/div>\n\t\t\t\t<\/div>\n\t\t<div class=\"elementor-element elementor-element-6ac3e7f e-flex e-con-boxed e-con e-parent\" data-id=\"6ac3e7f\" data-element_type=\"container\">\n\t\t\t\t\t<div class=\"e-con-inner\">\n\t\t\t\t<div class=\"elementor-element elementor-element-42f69f0 elementor-widget-divider--view-line elementor-widget elementor-widget-divider\" data-id=\"42f69f0\" data-element_type=\"widget\" data-widget_type=\"divider.default\">\n\t\t\t\t\t\t\t<div class=\"elementor-divider\">\n\t\t\t<span class=\"elementor-divider-separator\">\n\t\t\t\t\t\t<\/span>\n\t\t<\/div>\n\t\t\t\t\t\t<\/div>\n\t\t\t\t<div class=\"elementor-element elementor-element-f2afe3e elementor-widget elementor-widget-heading\" data-id=\"f2afe3e\" data-element_type=\"widget\" data-widget_type=\"heading.default\">\n\t\t\t\t\t<h3 class=\"elementor-heading-title elementor-size-default\">La vida de Pazz en la Ciudad de la Furia<\/h3>\t\t\t\t<\/div>\n\t\t\t\t\t<\/div>\n\t\t\t\t<\/div>\n\t\t<div class=\"elementor-element elementor-element-5a25ba9 e-flex e-con-boxed e-con e-parent\" data-id=\"5a25ba9\" data-element_type=\"container\">\n\t\t\t\t\t<div class=\"e-con-inner\">\n\t\t\t\t<div class=\"elementor-element elementor-element-307d171 elementor-widget elementor-widget-text-editor\" data-id=\"307d171\" data-element_type=\"widget\" data-widget_type=\"text-editor.default\">\n\t\t\t\t\t\t\t\t\t<p>Ser parte de un dueto en el que no cantaba sus sentimientos, no fue suficiente para Pazz. Fue por eso que al llegar a Buenos Aires tuvo la ilusi\u00f3n de poder promocionar su \u00c1lbum, pero adaptarse a una cultura nueva ten\u00eda much\u00edsimos nuevos desaf\u00edos con los que \u00e9l no contaba.<\/p><p>\u00bfC\u00f3mo es que un licenciado termina durmiendo en el h\u00famedo cemento de Buenos Aires y peleando las sobras contra las ratas?<\/p><p>No ser\u00eda dificil de entender c\u00f3mo este viaje termin\u00f3 empujando a el joven Juan Diego a todo tipo de droga que pudiese adormecer su tristeza y el hambre, apagando tambi\u00e9n su voracidad por comerse el mundo durante un largo tiempo.<\/p><p>En un vaiv\u00e9n de trabajos temporales en rubros explotadores como gastronom\u00eda y construcci\u00f3n, su artista interno se convirit\u00f3 en su \u00e1ngel dici\u00e9ndole que era hora de sanar. As\u00ed fue como se inclin\u00f3 hacia la Medicina de la Selva como el\u00a0<a href=\"https:\/\/es.wikipedia.org\/wiki\/Kamb%C3%B3\" target=\"_blank\" rel=\"noopener\">kamb\u00f3<\/a>, la\u00a0<a href=\"https:\/\/es.wikipedia.org\/wiki\/Psilocibina\" target=\"_blank\" rel=\"noopener\">pscilocibina<\/a>\u00a0y\u00a0<a style=\"background-color: #ffffff; font-size: 1rem;\" href=\"https:\/\/es.wikipedia.org\/wiki\/Adapt%C3%B3geno\" target=\"_blank\" rel=\"noopener\">los adapt\u00f3genos<\/a>\u00a0sintiendo la necesidad de volver a sus letras enriquecidas de experiencias.<\/p><p><b>&#8220;&#8230;Cuando volv\u00ed a los estudios de grabaci\u00f3n con las pocas monedas que hab\u00eda guardado, no pod\u00eda ni grabar una guitarra simple sin irme de tiempo. Sent\u00ed que hab\u00eda destru\u00eddo mis habilidades cognitivas y derrochando lo poco que hab\u00eda podido ahorrar. Por suerte mi primer productor y gran amigo\u00a0<\/b><a href=\"https:\/\/www.instagram.com\/cl_audiopro\/\" target=\"_blank\" rel=\"noopener\">Claudio Garc\u00eda<\/a><b>, tambi\u00e9n hab\u00eda migrado de Venezuela a Buenos Aires por lo que supo escucharme y entenderme, teni\u00e9ndome la paciencia para que yo me vaya recuperando.&#8221;<\/b><\/p>\t\t\t\t\t\t\t\t<\/div>\n\t\t\t\t\t<\/div>\n\t\t\t\t<\/div>\n\t\t<div class=\"elementor-element elementor-element-611a0c8 e-flex e-con-boxed e-con e-parent\" data-id=\"611a0c8\" data-element_type=\"container\">\n\t\t\t\t\t<div class=\"e-con-inner\">\n\t\t\t\t<div class=\"elementor-element elementor-element-fdb419b elementor-widget-divider--view-line elementor-widget elementor-widget-divider\" data-id=\"fdb419b\" data-element_type=\"widget\" data-widget_type=\"divider.default\">\n\t\t\t\t\t\t\t<div class=\"elementor-divider\">\n\t\t\t<span class=\"elementor-divider-separator\">\n\t\t\t\t\t\t<\/span>\n\t\t<\/div>\n\t\t\t\t\t\t<\/div>\n\t\t\t\t<div class=\"elementor-element elementor-element-fcbb3bf elementor-widget elementor-widget-heading\" data-id=\"fcbb3bf\" data-element_type=\"widget\" data-widget_type=\"heading.default\">\n\t\t\t\t\t<h2 class=\"elementor-heading-title elementor-size-default\">\u00bfHay pazz en el presente?<\/h2>\t\t\t\t<\/div>\n\t\t\t\t\t<\/div>\n\t\t\t\t<\/div>\n\t\t<div class=\"elementor-element elementor-element-511caf4 e-flex e-con-boxed e-con e-parent\" data-id=\"511caf4\" data-element_type=\"container\">\n\t\t\t\t\t<div class=\"e-con-inner\">\n\t\t\t\t<div class=\"elementor-element elementor-element-2124acf elementor-widget elementor-widget-text-editor\" data-id=\"2124acf\" data-element_type=\"widget\" data-widget_type=\"text-editor.default\">\n\t\t\t\t\t\t\t\t\t<p>A pesar de tantos golpes en la vida, los seres creativos tienen la ventaja de poder transformar esa experiencia y ayudar a sanar a otras personas. La m\u00fasica no solo se volvi\u00f3 un canal, sino tambi\u00e9n una medicina con la cual Pazz supo ayudar a miles de personas de su audiencia.<\/p>\t\t\t\t\t\t\t\t<\/div>\n\t\t\t\t\t<\/div>\n\t\t\t\t<\/div>\n\t\t<div class=\"elementor-element elementor-element-7a4a987 e-flex e-con-boxed e-con e-parent\" data-id=\"7a4a987\" data-element_type=\"container\">\n\t\t\t\t\t<div class=\"e-con-inner\">\n\t\t\t\t<div class=\"elementor-element elementor-element-9a64f70 elementor-widget elementor-widget-video\" data-id=\"9a64f70\" data-element_type=\"widget\" data-settings=\"{&quot;youtube_url&quot;:&quot;https:\\\/\\\/www.youtube.com\\\/watch?v=b6JeEIr_yCU&quot;,&quot;video_type&quot;:&quot;youtube&quot;,&quot;controls&quot;:&quot;yes&quot;}\" data-widget_type=\"video.default\">\n\t\t\t\t\t\t\t<div class=\"elementor-wrapper elementor-open-inline\">\n\t\t\t<div class=\"elementor-video\"><\/div>\t\t<\/div>\n\t\t\t\t\t\t<\/div>\n\t\t\t\t<div class=\"elementor-element elementor-element-cfe101b elementor-align-center elementor-widget elementor-widget-button\" data-id=\"cfe101b\" data-element_type=\"widget\" data-widget_type=\"button.default\">\n\t\t\t\t\t\t\t\t\t\t<a class=\"elementor-button elementor-button-link elementor-size-sm\" href=\"https:\/\/www.youtube.com\/@pazzmusicaa\/videos\">\n\t\t\t\t\t\t<span class=\"elementor-button-content-wrapper\">\n\t\t\t\t\t\t\t\t\t<span class=\"elementor-button-text\">M\u00e1s videos de Pazz en YouTube<\/span>\n\t\t\t\t\t<\/span>\n\t\t\t\t\t<\/a>\n\t\t\t\t\t\t\t\t<\/div>\n\t\t\t\t\t<\/div>\n\t\t\t\t<\/div>\n\t\t<div class=\"elementor-element elementor-element-cebf75d e-flex e-con-boxed e-con e-parent\" data-id=\"cebf75d\" data-element_type=\"container\">\n\t\t\t\t\t<div class=\"e-con-inner\">\n\t\t\t\t<div class=\"elementor-element elementor-element-745b3ae elementor-widget elementor-widget-spacer\" data-id=\"745b3ae\" data-element_type=\"widget\" data-widget_type=\"spacer.default\">\n\t\t\t\t\t\t\t<div class=\"elementor-spacer\">\n\t\t\t<div class=\"elementor-spacer-inner\"><\/div>\n\t\t<\/div>\n\t\t\t\t\t\t<\/div>\n\t\t\t\t<div class=\"elementor-element elementor-element-411b07e elementor-widget elementor-widget-heading\" data-id=\"411b07e\" data-element_type=\"widget\" data-widget_type=\"heading.default\">\n\t\t\t\t\t<h3 class=\"elementor-heading-title elementor-size-default\">\"Matecito\", arepas y una charla con Pazz:<\/h3>\t\t\t\t<\/div>\n\t\t\t\t\t<\/div>\n\t\t\t\t<\/div>\n\t\t<div class=\"elementor-element elementor-element-56de246 e-flex e-con-boxed e-con e-parent\" data-id=\"56de246\" data-element_type=\"container\">\n\t\t\t\t\t<div class=\"e-con-inner\">\n\t\t\t\t<div class=\"elementor-element elementor-element-9107041 elementor-widget elementor-widget-text-editor\" data-id=\"9107041\" data-element_type=\"widget\" data-widget_type=\"text-editor.default\">\n\t\t\t\t\t\t\t\t\t<h5><span style=\"font-weight: 400;\">&#8211; \u00bfC\u00f3mo est\u00e1s Pazz? Que gusto tenerte nuevamente en el estudio. Qu\u00e9 dif\u00edcil debe ser ese proceso migratorio, enredarte en una nueva cultura&#8230;<\/span><\/h5><p><span style=\"font-weight: 400;\">Yo muy bien hermano, gracias por invitarme a tu espacio, como siempre.<\/span><\/p><p><span style=\"font-weight: 400;\">La migraci\u00f3n fue un proceso muy dificil&#8230; En Venezuela la realidad estaba siendo insoportable profesionalmente, por eso la necesidad de abrir otros caminos. Del argentino puedo decir, que nos recibi\u00f3 con mucho cari\u00f1o y empat\u00eda con la situaci\u00f3n social de los venezolanos, eso ayud\u00f3 al proceso de adaptaci\u00f3n, dir\u00eda que sin ese cari\u00f1o argentino el proceso hubiese sido m\u00e1s dif\u00edcil. Ese proceso pas\u00f3 por varios cap\u00edtulos&#8230;<\/span><\/p><p><span style=\"font-weight: 400;\">Al llegar qued\u00e9 encantado con la ciudad y la energ\u00eda cultural que hab\u00eda, el primer inconveniente fue el clima, el fr\u00edo es las \u00e9pocas que llegu\u00e9 era insoportable, nunca hab\u00eda vivido un clima tan fr\u00edo, hab\u00edan d\u00edas de lluvia a -1\u00b0 (grado), de d\u00f3nde vengo estamos 30 grados todo el a\u00f1o. Lo siguiente fue el cambio en las comidas, creo que me prepar\u00e9 para muchas cosas pero no para eso, fue intenso desaprender la forma de alimentarme y adquirir una nueva. Cuando llegu\u00e9 no era muy popular la comida venezolana como sucede actualmente.<\/span><\/p><p><span style=\"font-weight: 400;\">Conseguir estabilidad habitacional y laboral, fue m\u00e1s dif\u00edcil de lo que pens\u00e9, en el\u00a0 proceso me perd\u00ed, me ca\u00ed, me romp\u00ed, tuve que vender mis instrumentos musicales, equipos, etc. Eso fue muy triste y frustrante.<\/span><\/p><p>\u00a0<\/p>\t\t\t\t\t\t\t\t<\/div>\n\t\t\t\t<div class=\"elementor-element elementor-element-22c59b3 elementor-widget elementor-widget-video\" data-id=\"22c59b3\" data-element_type=\"widget\" data-settings=\"{&quot;youtube_url&quot;:&quot;https:\\\/\\\/www.youtube.com\\\/watch?v=HBxvVGEbl-Y&quot;,&quot;video_type&quot;:&quot;youtube&quot;,&quot;controls&quot;:&quot;yes&quot;}\" data-widget_type=\"video.default\">\n\t\t\t\t\t\t\t<div class=\"elementor-wrapper elementor-open-inline\">\n\t\t\t<div class=\"elementor-video\"><\/div>\t\t<\/div>\n\t\t\t\t\t\t<\/div>\n\t\t\t\t<div class=\"elementor-element elementor-element-cd9c555 elementor-widget elementor-widget-text-editor\" data-id=\"cd9c555\" data-element_type=\"widget\" data-widget_type=\"text-editor.default\">\n\t\t\t\t\t\t\t\t\t<p style=\"text-align: center;\">Pazz colaborando con el artista brasilero\u00a0<a href=\"https:\/\/www.instagram.com\/yacomprendes\/\" target=\"_blank\" rel=\"noopener\">Yaco Santana<\/a>\u00a0en esta versi\u00f3n de su canci\u00f3n\u00a0<a href=\"https:\/\/open.spotify.com\/intl-es\/track\/3DhrI6VW58bJogzBFkCBp2?si=abad07645eef4456\" target=\"_blank\" rel=\"noopener\">&#8220;Se cae y se empieza&#8221;<\/a>.<\/p>\t\t\t\t\t\t\t\t<\/div>\n\t\t\t\t\t<\/div>\n\t\t\t\t<\/div>\n\t\t<div class=\"elementor-element elementor-element-436df26 e-flex e-con-boxed e-con e-parent\" data-id=\"436df26\" data-element_type=\"container\">\n\t\t\t\t\t<div class=\"e-con-inner\">\n\t\t\t\t<div class=\"elementor-element elementor-element-6968e49 elementor-widget elementor-widget-text-editor\" data-id=\"6968e49\" data-element_type=\"widget\" data-widget_type=\"text-editor.default\">\n\t\t\t\t\t\t\t\t\t<h5><span style=\"font-weight: 400;\">&#8211; Qu\u00e9 proceso dif\u00edcil Pazz y contame&#8230; \u00bfCu\u00e1ndo comenz\u00f3 tu acercamiento a la m\u00fasica?<\/span><\/h5><h5><span style=\"font-style: inherit; font-weight: 400; color: #7a7a7a; font-family: Roboto, sans-serif;\">Sucedi\u00f3 en capas ese acercamiento. De donde vengo nos ense\u00f1an a conectar con nuestro folklore desde chicos, dir\u00eda que mi abuelo Cetronio y mi t\u00edo Edgar fueron la mayor influencia, dedic\u00e1ndose con cari\u00f1o, ofreciendo instrumentos y herramientas. Recuerdo tocar incansablemente canciones de\u00a0<\/span><a style=\"font-style: inherit; font-weight: inherit; font-family: Roboto, sans-serif; background-color: #ffffff;\" href=\"https:\/\/es.wikipedia.org\/wiki\/Al%C3%AD_Primera\" target=\"_blank\" rel=\"noopener\">Ali Primera<\/a><span style=\"font-style: inherit; font-weight: 400; color: #7a7a7a; font-family: Roboto, sans-serif;\">,\u00a0<\/span><a style=\"font-style: inherit; font-weight: inherit; font-family: Roboto, sans-serif; background-color: #ffffff;\" href=\"https:\/\/es.wikipedia.org\/wiki\/Gualberto_Ibarreto\" target=\"_blank\" rel=\"noopener\">Guallberto Ibarreto<\/a><span style=\"font-style: inherit; font-weight: 400; color: #7a7a7a; font-family: Roboto, sans-serif;\">,\u00a0<\/span><a style=\"font-style: inherit; font-weight: inherit; font-family: Roboto, sans-serif; background-color: #ffffff;\" href=\"https:\/\/es.wikipedia.org\/wiki\/Armando_Molero\" target=\"_blank\" rel=\"noopener\">Armando Molero<\/a><span style=\"font-style: inherit; font-weight: 400; color: #7a7a7a; font-family: Roboto, sans-serif;\">\u00a0y su Cocotero, Despu\u00e9s tuve mi momento de estudiar muy chico en el conservatorio del Estado Zulia.<\/span><\/h5><p><span style=\"font-weight: 400;\">Sin embargo, tomarlo como vocaci\u00f3n y como carrera definitiva, fue en la parte universitaria, despu\u00e9s estudiar varias carreras frustradas, me decid\u00ed a estudiar la licenciatura en m\u00fasica, dirigida a la direcci\u00f3n coral.\u00a0<\/span><\/p><p><span style=\"font-weight: 400;\">En la universidad uno aprende la disciplina y el lenguaje, <\/span><b>en el escenario y el proceso de generar arte<\/b><span style=\"font-weight: 400;\">, publicarlo, ah\u00ed sucede la magia.\u00a0<\/span><\/p>\t\t\t\t\t\t\t\t<\/div>\n\t\t\t\t\t<\/div>\n\t\t\t\t<\/div>\n\t\t<div class=\"elementor-element elementor-element-dd70c40 e-flex e-con-boxed e-con e-parent\" data-id=\"dd70c40\" data-element_type=\"container\">\n\t\t\t\t\t<div class=\"e-con-inner\">\n\t\t\t\t<div class=\"elementor-element elementor-element-b4f6848 elementor-widget elementor-widget-text-editor\" data-id=\"b4f6848\" data-element_type=\"widget\" data-widget_type=\"text-editor.default\">\n\t\t\t\t\t\t\t\t\t<h5><span style=\"font-weight: 400;\">&#8211; \u00bfPor qu\u00e9 compon\u00e9s, Pazz? \u00bfTe lleva a alg\u00fan lugar en particular?<\/span><\/h5><p><span style=\"font-weight: 400;\">Compongo por esa necesidad de expresi\u00f3n y gestionar lo que sucede en esta condici\u00f3n humana. Si, me lleva a la calma.<\/span><\/p>\t\t\t\t\t\t\t\t<\/div>\n\t\t\t\t\t<\/div>\n\t\t\t\t<\/div>\n\t\t<div class=\"elementor-element elementor-element-4f80924 e-flex e-con-boxed e-con e-parent\" data-id=\"4f80924\" data-element_type=\"container\">\n\t\t\t\t\t<div class=\"e-con-inner\">\n\t\t\t\t<div class=\"elementor-element elementor-element-bf5dd25 elementor-widget elementor-widget-image\" data-id=\"bf5dd25\" data-element_type=\"widget\" data-widget_type=\"image.default\">\n\t\t\t\t\t\t\t\t\t\t\t\t\t\t\t<img loading=\"lazy\" decoding=\"async\" width=\"1024\" height=\"988\" src=\"https:\/\/sermusicos.com\/wp-content\/uploads\/2025\/05\/PAZZ-CAMISA-1024x988.jpg\" class=\"attachment-large size-large wp-image-2863\" alt=\"Pazz\" \/>\t\t\t\t\t\t\t\t\t\t\t\t\t\t\t<\/div>\n\t\t\t\t\t<\/div>\n\t\t\t\t<\/div>\n\t\t<div class=\"elementor-element elementor-element-d238605 e-flex e-con-boxed e-con e-parent\" data-id=\"d238605\" data-element_type=\"container\">\n\t\t\t\t\t<div class=\"e-con-inner\">\n\t\t\t\t<div class=\"elementor-element elementor-element-5bdee66 elementor-widget elementor-widget-text-editor\" data-id=\"5bdee66\" data-element_type=\"widget\" data-widget_type=\"text-editor.default\">\n\t\t\t\t\t\t\t\t\t<h5><span style=\"font-weight: 400;\">&#8211; \u00bfA quienes van dirigidas tus letras?<\/span><\/h5><p><span style=\"font-weight: 400;\">Especialmente a personas que tienen inter\u00e9s en profundizar temas sociales, existenciales, que quieran sanar sus sombras, mirarse, reconocerse. Aunque tambi\u00e9n hago m\u00fasica para entretener y pasar el rato, la m\u00fasica deber\u00eda ser una compa\u00f1\u00eda para todos los estados de \u00e1nimo y situaciones.<\/span><\/p>\t\t\t\t\t\t\t\t<\/div>\n\t\t\t\t\t<\/div>\n\t\t\t\t<\/div>\n\t\t<div class=\"elementor-element elementor-element-f832b68 e-flex e-con-boxed e-con e-parent\" data-id=\"f832b68\" data-element_type=\"container\">\n\t\t\t\t\t<div class=\"e-con-inner\">\n\t\t\t\t<div class=\"elementor-element elementor-element-9b99650 elementor-widget elementor-widget-text-editor\" data-id=\"9b99650\" data-element_type=\"widget\" data-widget_type=\"text-editor.default\">\n\t\t\t\t\t\t\t\t\t<h5><span style=\"font-weight: 400;\">&#8211; \u00bfQu\u00e9 artistas son &#8220;los referentes de Pazz&#8221;?<\/span><\/h5><p><a style=\"background-color: #ffffff; font-size: 1rem;\" href=\"https:\/\/es.wikipedia.org\/wiki\/The_Beatles\" target=\"_blank\" rel=\"noopener\">The beatles<\/a><span style=\"font-weight: 400;\">, creo que siempre van a ser un ejemplo vigente para la m\u00fasica contempor\u00e1nea no importa el genero que usemos, en la trayectoria de The Beatles hay mucho para aprender y aplicar.<\/span><\/p><p><span style=\"font-weight: 400;\">Otros que son una gran influencia para mi son\u00a0<\/span><a href=\"https:\/\/es.wikipedia.org\/wiki\/Al%C3%AD_Primera\" target=\"_blank\" rel=\"noopener\">Al\u00ed Primera<\/a><span style=\"font-weight: 400;\">,\u00a0<\/span><a href=\"https:\/\/es.wikipedia.org\/wiki\/Jorge_Drexler\" target=\"_blank\" rel=\"noopener\">Jorge Drexler<\/a><span style=\"font-weight: 400;\">,\u00a0<\/span><a href=\"https:\/\/es.wikipedia.org\/wiki\/Canserbero\" target=\"_blank\" rel=\"noopener\">Canserbero<\/a><span style=\"font-weight: 400;\">,\u00a0<\/span><a href=\"https:\/\/es.wikipedia.org\/wiki\/Cultura_Prof%C3%A9tica\" target=\"_blank\" rel=\"noopener\">Willy Rodriguez<\/a><span style=\"font-weight: 400;\">, entre otros tantos&#8230;<\/span><\/p><h5><span style=\"font-weight: 400;\">&#8211; \u00bfCon qu\u00e9 otros artistas te gustar\u00eda colaborar hoy en d\u00eda?<\/span><\/h5><div><span style=\"font-weight: 400;\">En verdad son muchos, pero a la mente se me vienen algunos que admiro como\u00a0<\/span><a href=\"https:\/\/es.wikipedia.org\/wiki\/Juan_Luis_Guerra\" target=\"_blank\" rel=\"noopener\">Juan Luis Guerra<\/a><span style=\"font-weight: 400;\">, Willy Rodriguez,\u00a0<\/span><a href=\"https:\/\/es.wikipedia.org\/wiki\/Jorge_Drexler\" target=\"_blank\" rel=\"noopener\">Drexler<\/a><span style=\"font-weight: 400;\">\u00a0y\u00a0<\/span><a href=\"https:\/\/es.wikipedia.org\/wiki\/Wos_(rapero)\" target=\"_blank\" rel=\"noopener\">Wos<\/a><span style=\"font-weight: 400;\">.<\/span><\/div><p>\u00a0<\/p>\t\t\t\t\t\t\t\t<\/div>\n\t\t\t\t\t<\/div>\n\t\t\t\t<\/div>\n\t\t<div class=\"elementor-element elementor-element-8e51450 e-flex e-con-boxed e-con e-parent\" data-id=\"8e51450\" data-element_type=\"container\">\n\t\t\t\t\t<div class=\"e-con-inner\">\n\t\t\t\t<div class=\"elementor-element elementor-element-f7965fa elementor-widget elementor-widget-video\" data-id=\"f7965fa\" data-element_type=\"widget\" data-settings=\"{&quot;youtube_url&quot;:&quot;https:\\\/\\\/www.youtube.com\\\/watch?v=QfhEKpFiepM&quot;,&quot;video_type&quot;:&quot;youtube&quot;,&quot;controls&quot;:&quot;yes&quot;}\" data-widget_type=\"video.default\">\n\t\t\t\t\t\t\t<div class=\"elementor-wrapper elementor-open-inline\">\n\t\t\t<div class=\"elementor-video\"><\/div>\t\t<\/div>\n\t\t\t\t\t\t<\/div>\n\t\t\t\t<div class=\"elementor-element elementor-element-8f241ae elementor-widget elementor-widget-text-editor\" data-id=\"8f241ae\" data-element_type=\"widget\" data-widget_type=\"text-editor.default\">\n\t\t\t\t\t\t\t\t\t<p style=\"text-align: center;\"><em>&#8220;Todo se transforma&#8221;, canci\u00f3n de Jorge Drexler, uno de los referentes de Pazz.<\/em><\/p>\t\t\t\t\t\t\t\t<\/div>\n\t\t\t\t\t<\/div>\n\t\t\t\t<\/div>\n\t\t<div class=\"elementor-element elementor-element-a850fe8 e-flex e-con-boxed e-con e-parent\" data-id=\"a850fe8\" data-element_type=\"container\">\n\t\t\t\t\t<div class=\"e-con-inner\">\n\t\t\t\t<div class=\"elementor-element elementor-element-24a10cf elementor-widget elementor-widget-text-editor\" data-id=\"24a10cf\" data-element_type=\"widget\" data-widget_type=\"text-editor.default\">\n\t\t\t\t\t\t\t\t\t<h5><span style=\"font-weight: 400;\">&#8211; Tu \u00faltima canci\u00f3n titulada Sonia habla de una historia personal con tu madre, contame un poco sobre esta historia.<\/span><\/h5><p><span style=\"font-weight: 400;\"><br \/><\/span><span style=\"font-weight: 400;\">Ya he contado abiertamente que en este proceso de migraci\u00f3n perd\u00ed a mi vieja y no pude estar con ella en la despedida.<\/span><\/p><p><span style=\"font-weight: 400;\">Eso dej\u00f3 muchas marcas con las que me toca lidiar, sin embargo lo que m\u00e1s pesa, es no escuchar su voz, mirar su cara, o\u00edr su consejo.<\/span><\/p><p><span style=\"font-weight: 400;\">Un dia mientras estaba habitando ese dolor, me di cuenta que se me olvidaba como sonaba la voz de mi vieja, como si se fuera desvaneciendo. Fue as\u00ed que comenc\u00e9 a buscar incansablemente en nuestras conversaciones en Facebook e Instagram para ver si encontraba alg\u00fan audio que guardara su voz para escucharla, pero busqu\u00e9 y fue en vano. No estaba su voz, ah\u00ed comenz\u00f3 <strong><em>la cancion:<\/em><\/strong><\/span><\/p><p style=\"text-align: center;\"><strong><em>\u201c Busco tu voz y no la escucho.<\/em><\/strong><\/p><p style=\"text-align: center;\"><strong><em>Busco tu cara y se me esconde&#8230;<\/em><\/strong><\/p><p style=\"text-align: center;\"><strong><em>Cierro los ojos y no te encuentro,<\/em><\/strong><\/p><p style=\"text-align: center;\"><strong><em>Pero te siento&#8230;\u201d<\/em><\/strong><\/p>\t\t\t\t\t\t\t\t<\/div>\n\t\t\t\t\t<\/div>\n\t\t\t\t<\/div>\n\t\t<div class=\"elementor-element elementor-element-704ada0 e-flex e-con-boxed e-con e-parent\" data-id=\"704ada0\" data-element_type=\"container\">\n\t\t\t\t\t<div class=\"e-con-inner\">\n\t\t\t\t<div class=\"elementor-element elementor-element-b3dedb2 elementor-widget elementor-widget-html\" data-id=\"b3dedb2\" data-element_type=\"widget\" data-widget_type=\"html.default\">\n\t\t\t\t\t<iframe style=\"border-radius:12px\" src=\"https:\/\/open.spotify.com\/embed\/track\/4N30hHx1AqFbZ6C4vZXi54?utm_source=generator\" width=\"100%\" height=\"152\" frameBorder=\"0\" allowfullscreen=\"\" allow=\"autoplay; clipboard-write; encrypted-media; fullscreen; picture-in-picture\" loading=\"lazy\"><\/iframe>\t\t\t\t<\/div>\n\t\t\t\t\t<\/div>\n\t\t\t\t<\/div>\n\t\t<div class=\"elementor-element elementor-element-37d20e8 e-flex e-con-boxed e-con e-parent\" data-id=\"37d20e8\" data-element_type=\"container\">\n\t\t\t\t\t<div class=\"e-con-inner\">\n\t\t\t\t<div class=\"elementor-element elementor-element-2f6367b elementor-widget elementor-widget-text-editor\" data-id=\"2f6367b\" data-element_type=\"widget\" data-widget_type=\"text-editor.default\">\n\t\t\t\t\t\t\t\t\t<h5><span style=\"font-weight: 400;\">&#8211; La verdad es que Sonia es una canci\u00f3n hermosa que me llega al alma, pero conociendo esta historia me pone la piel de gallina. \u00bfY sobre qu\u00e9 est\u00e1s trabajando en este momento?\u00a0<\/span><\/h5><p><span style=\"font-weight: 400;\">Estaremos con promo de estreno muy pronto, lleva como nombre <\/span><b>ATRAPAME<\/b><span style=\"font-weight: 400;\">, es una canci\u00f3n vieja que hice hace mucho tiempo el proceso de selecci\u00f3n de temas, a vos\u00a0<\/span><a href=\"https:\/\/rodrigogranzella.com\/\" target=\"_blank\" rel=\"noopener\">(Rodrigo Granzella)<\/a><span style=\"font-weight: 400;\">\u00a0te hizo click este tema y lo comenzamos a trabajar, si bien hab\u00eda una idea bastante clara de por donde iba el tema, fue clave tu aporte en la producci\u00f3n y mezcla para lograr el resultado que se logr\u00f3. B\u00e1sicamente no me gustaba mi canci\u00f3n y me la hiciste volver a querer.\u00a0<\/span><\/p><h5><span style=\"font-weight: 400;\">&#8211; Es un placer y un honor haber participado de ese proceso Pazz, gracias por tus palabras. \u00bfQuer\u00e9s contar un poco c\u00f3mo fue el proceso de composici\u00f3n y producci\u00f3n de esta canci\u00f3n?\u00a0<\/span><\/h5><p><span style=\"font-weight: 400;\">La canci\u00f3n fue hecha haciendo un cad\u00e1ver Exquisito, quedaron algunos versos guardados y se les fue dando forma encima de algunas samples que ten\u00eda. <\/span><span style=\"font-weight: 400;\">Despu\u00e9s el final es sabido, pas\u00f3 por Rodrigo que hizo la magia.<\/span><\/p>\t\t\t\t\t\t\t\t<\/div>\n\t\t\t\t\t<\/div>\n\t\t\t\t<\/div>\n\t\t<div class=\"elementor-element elementor-element-16830c8 e-flex e-con-boxed e-con e-parent\" data-id=\"16830c8\" data-element_type=\"container\">\n\t\t\t\t\t<div class=\"e-con-inner\">\n\t\t\t\t<div class=\"elementor-element elementor-element-acdd74c elementor-widget elementor-widget-video\" data-id=\"acdd74c\" data-element_type=\"widget\" data-settings=\"{&quot;youtube_url&quot;:&quot;https:\\\/\\\/www.youtube.com\\\/watch?v=YjsoluCje7I&quot;,&quot;video_type&quot;:&quot;youtube&quot;,&quot;controls&quot;:&quot;yes&quot;}\" data-widget_type=\"video.default\">\n\t\t\t\t\t\t\t<div class=\"elementor-wrapper elementor-open-inline\">\n\t\t\t<div class=\"elementor-video\"><\/div>\t\t<\/div>\n\t\t\t\t\t\t<\/div>\n\t\t\t\t<div class=\"elementor-element elementor-element-237ad98 elementor-widget elementor-widget-text-editor\" data-id=\"237ad98\" data-element_type=\"widget\" data-widget_type=\"text-editor.default\">\n\t\t\t\t\t\t\t\t\t<p style=\"text-align: center;\"><em>Pazz en vivo en &#8220;Makena&#8221; Buenos Aires, Argentina. A\u00f1o 2024.<\/em><\/p>\t\t\t\t\t\t\t\t<\/div>\n\t\t\t\t\t<\/div>\n\t\t\t\t<\/div>\n\t\t<div class=\"elementor-element elementor-element-2bbf163 e-flex e-con-boxed e-con e-parent\" data-id=\"2bbf163\" data-element_type=\"container\">\n\t\t\t\t\t<div class=\"e-con-inner\">\n\t\t\t\t<div class=\"elementor-element elementor-element-b983d30 elementor-widget elementor-widget-text-editor\" data-id=\"b983d30\" data-element_type=\"widget\" data-widget_type=\"text-editor.default\">\n\t\t\t\t\t\t\t\t\t<h5><span style=\"font-weight: 400;\">&#8211; &#8220;<em>Che&#8221;&#8230;\u00a0<\/em>\u00bfQu\u00e9 le dir\u00eda Pazz a alguien que quiere hacer m\u00fasica pero no se anima?\u00a0<\/span><\/h5><p><span style=\"font-weight: 400;\">Siempre estar\u00e1 la incertidumbre econ\u00f3mica si <strong><em>sois<\/em> un ciudadano com\u00fan<\/strong>, siempre nos va a costar llegar a fin de mes, hasta te dir\u00eda que muchas veces hay m\u00e1s hambre que comida, pero es otro tipo de hambre cuando hacemos lo que amamos. Disfrutemos el trayecto, no pensemos en un lugar al cual llegar para <strong>ser feliz<\/strong>, disfruta cada ensayo, cada juntada con los amigos a tocar, cada momento de aprendizaje <strong>despu\u00e9s vienen los resultados<\/strong>, por ahi no como los ideamos o en forma que pensamos.\u00a0<\/span><\/p><h5><span style=\"font-weight: 400;\">&#8211; Por qu\u00e9 medios se suelen contactar para colaborar o trabajar con Pazz?<\/span><\/h5><p>Digamos que hoy mi medio de comunicaci\u00f3n principal es el <b>Instagram<\/b>\u00a0<a style=\"background-color: #ffffff; font-size: 1rem;\" href=\"https:\/\/www.instagram.com\/pazz.ok_\/\" target=\"_blank\" rel=\"noopener\">(click aqu\u00ed)<\/a>\u00a0y muchos de mis anuncios los hago mediante mi Linktree\u00a0<a style=\"background-color: #ffffff; font-size: 1rem;\" href=\"https:\/\/linktr.ee\/Pazzmusica?fbclid=PAZXh0bgNhZW0CMTEAAaeIFD4z8eUTPCzJGmTo83G2QKRb-dxes9u_Ye_JX8vOj7PtnSEjlQc2LjgZ_g_aem_v8q6qfDznlEC0VxmRs28Mw\" target=\"_blank\" rel=\"noopener\">(click aqu\u00ed)<\/a>.<\/p><h5>&#8211; Pazz hermano, como siempre ha sido un placer tenerte y charlar un rato en el estudio.<\/h5><p>El placer fue m\u00edo hermano, gracias por interesarte en mi historia y mi vida. Un abrazo grande para vos y todos los que la est\u00e9n leyendo.<\/p>\t\t\t\t\t\t\t\t<\/div>\n\t\t\t\t<div class=\"elementor-element elementor-element-e1240f1 elementor-align-center elementor-widget elementor-widget-button\" data-id=\"e1240f1\" data-element_type=\"widget\" data-widget_type=\"button.default\">\n\t\t\t\t\t\t\t\t\t\t<a class=\"elementor-button elementor-button-link elementor-size-sm\" href=\"https:\/\/www.instagram.com\/channel\/AbbHDiFDZq5UFcTa\/?igsh=bWVkYm5pdzM2NTl4\">\n\t\t\t\t\t\t<span class=\"elementor-button-content-wrapper\">\n\t\t\t\t\t\t\t\t\t<span class=\"elementor-button-text\">\ud83d\udc47ENTERATE NOVEDADES EXCLUSIVAS UNI\u00c9NDOTE AL \"PAZZODROMO\"\ud83d\udc47<\/span>\n\t\t\t\t\t<\/span>\n\t\t\t\t\t<\/a>\n\t\t\t\t\t\t\t\t<\/div>\n\t\t\t\t\t<\/div>\n\t\t\t\t<\/div>\n\t\t<div class=\"elementor-element elementor-element-3a2b024 e-flex e-con-boxed e-con e-parent\" data-id=\"3a2b024\" data-element_type=\"container\">\n\t\t\t\t\t<div class=\"e-con-inner\">\n\t\t\t\t<div class=\"elementor-element elementor-element-11211d4 elementor-widget-divider--view-line elementor-widget elementor-widget-divider\" data-id=\"11211d4\" data-element_type=\"widget\" data-widget_type=\"divider.default\">\n\t\t\t\t\t\t\t<div class=\"elementor-divider\">\n\t\t\t<span class=\"elementor-divider-separator\">\n\t\t\t\t\t\t<\/span>\n\t\t<\/div>\n\t\t\t\t\t\t<\/div>\n\t\t\t\t<div class=\"elementor-element elementor-element-e06343e elementor-widget elementor-widget-heading\" data-id=\"e06343e\" data-element_type=\"widget\" data-widget_type=\"heading.default\">\n\t\t\t\t\t<h2 class=\"elementor-heading-title elementor-size-default\">\u00c9chale un ojo a la carrera de Pazz \ud83d\udc47<\/h2>\t\t\t\t<\/div>\n\t\t\t\t\t<\/div>\n\t\t\t\t<\/div>\n\t\t<div class=\"elementor-element elementor-element-feb5344 e-flex e-con-boxed e-con e-parent\" data-id=\"feb5344\" data-element_type=\"container\">\n\t\t\t\t\t<div class=\"e-con-inner\">\n\t\t\t\t<div class=\"elementor-element elementor-element-9a863be elementor-widget elementor-widget-html\" data-id=\"9a863be\" data-element_type=\"widget\" data-widget_type=\"html.default\">\n\t\t\t\t\t<iframe style=\"border-radius:12px\" src=\"https:\/\/open.spotify.com\/embed\/artist\/38QjfFQ2Qj5pYKEfP1UZXz?utm_source=generator\" width=\"100%\" height=\"352\" frameBorder=\"0\" allowfullscreen=\"\" allow=\"autoplay; clipboard-write; encrypted-media; fullscreen; picture-in-picture\" loading=\"lazy\"><\/iframe>\t\t\t\t<\/div>\n\t\t\t\t<div class=\"elementor-element elementor-element-2d1d832 elementor-widget elementor-widget-video\" data-id=\"2d1d832\" data-element_type=\"widget\" data-settings=\"{&quot;youtube_url&quot;:&quot;https:\\\/\\\/www.youtube.com\\\/watch?v=3wJ4d85nEi8&quot;,&quot;video_type&quot;:&quot;youtube&quot;,&quot;controls&quot;:&quot;yes&quot;}\" data-widget_type=\"video.default\">\n\t\t\t\t\t\t\t<div class=\"elementor-wrapper elementor-open-inline\">\n\t\t\t<div class=\"elementor-video\"><\/div>\t\t<\/div>\n\t\t\t\t\t\t<\/div>\n\t\t\t\t<div class=\"elementor-element elementor-element-277a800 elementor-widget elementor-widget-html\" data-id=\"277a800\" data-element_type=\"widget\" data-widget_type=\"html.default\">\n\t\t\t\t\t<blockquote class=\"instagram-media\" data-instgrm-captioned data-instgrm-permalink=\"https:\/\/www.instagram.com\/reel\/DIACZRTSL_h\/?utm_source=ig_embed&amp;utm_campaign=loading\" data-instgrm-version=\"14\" style=\" background:#FFF; border:0; border-radius:3px; box-shadow:0 0 1px 0 rgba(0,0,0,0.5),0 1px 10px 0 rgba(0,0,0,0.15); margin: 1px; max-width:540px; min-width:326px; padding:0; width:99.375%; width:-webkit-calc(100% - 2px); width:calc(100% - 2px);\"><div style=\"padding:16px;\"> <a href=\"https:\/\/www.instagram.com\/reel\/DIACZRTSL_h\/?utm_source=ig_embed&amp;utm_campaign=loading\" style=\" background:#FFFFFF; line-height:0; padding:0 0; text-align:center; text-decoration:none; width:100%;\" target=\"_blank\"> <div style=\" display: flex; flex-direction: row; align-items: center;\"> <div style=\"background-color: #F4F4F4; border-radius: 50%; flex-grow: 0; height: 40px; margin-right: 14px; width: 40px;\"><\/div> <div style=\"display: flex; flex-direction: column; flex-grow: 1; justify-content: center;\"> <div style=\" background-color: #F4F4F4; border-radius: 4px; flex-grow: 0; height: 14px; margin-bottom: 6px; width: 100px;\"><\/div> <div style=\" background-color: #F4F4F4; border-radius: 4px; flex-grow: 0; height: 14px; width: 60px;\"><\/div><\/div><\/div><div style=\"padding: 19% 0;\"><\/div> <div style=\"display:block; height:50px; margin:0 auto 12px; width:50px;\"><svg width=\"50px\" height=\"50px\" viewBox=\"0 0 60 60\" version=\"1.1\" xmlns=\"https:\/\/www.w3.org\/2000\/svg\" xmlns:xlink=\"https:\/\/www.w3.org\/1999\/xlink\"><g stroke=\"none\" stroke-width=\"1\" fill=\"none\" fill-rule=\"evenodd\"><g transform=\"translate(-511.000000, -20.000000)\" fill=\"#000000\"><g><path d=\"M556.869,30.41 C554.814,30.41 553.148,32.076 553.148,34.131 C553.148,36.186 554.814,37.852 556.869,37.852 C558.924,37.852 560.59,36.186 560.59,34.131 C560.59,32.076 558.924,30.41 556.869,30.41 M541,60.657 C535.114,60.657 530.342,55.887 530.342,50 C530.342,44.114 535.114,39.342 541,39.342 C546.887,39.342 551.658,44.114 551.658,50 C551.658,55.887 546.887,60.657 541,60.657 M541,33.886 C532.1,33.886 524.886,41.1 524.886,50 C524.886,58.899 532.1,66.113 541,66.113 C549.9,66.113 557.115,58.899 557.115,50 C557.115,41.1 549.9,33.886 541,33.886 M565.378,62.101 C565.244,65.022 564.756,66.606 564.346,67.663 C563.803,69.06 563.154,70.057 562.106,71.106 C561.058,72.155 560.06,72.803 558.662,73.347 C557.607,73.757 556.021,74.244 553.102,74.378 C549.944,74.521 548.997,74.552 541,74.552 C533.003,74.552 532.056,74.521 528.898,74.378 C525.979,74.244 524.393,73.757 523.338,73.347 C521.94,72.803 520.942,72.155 519.894,71.106 C518.846,70.057 518.197,69.06 517.654,67.663 C517.244,66.606 516.755,65.022 516.623,62.101 C516.479,58.943 516.448,57.996 516.448,50 C516.448,42.003 516.479,41.056 516.623,37.899 C516.755,34.978 517.244,33.391 517.654,32.338 C518.197,30.938 518.846,29.942 519.894,28.894 C520.942,27.846 521.94,27.196 523.338,26.654 C524.393,26.244 525.979,25.756 528.898,25.623 C532.057,25.479 533.004,25.448 541,25.448 C548.997,25.448 549.943,25.479 553.102,25.623 C556.021,25.756 557.607,26.244 558.662,26.654 C560.06,27.196 561.058,27.846 562.106,28.894 C563.154,29.942 563.803,30.938 564.346,32.338 C564.756,33.391 565.244,34.978 565.378,37.899 C565.522,41.056 565.552,42.003 565.552,50 C565.552,57.996 565.522,58.943 565.378,62.101 M570.82,37.631 C570.674,34.438 570.167,32.258 569.425,30.349 C568.659,28.377 567.633,26.702 565.965,25.035 C564.297,23.368 562.623,22.342 560.652,21.575 C558.743,20.834 556.562,20.326 553.369,20.18 C550.169,20.033 549.148,20 541,20 C532.853,20 531.831,20.033 528.631,20.18 C525.438,20.326 523.257,20.834 521.349,21.575 C519.376,22.342 517.703,23.368 516.035,25.035 C514.368,26.702 513.342,28.377 512.574,30.349 C511.834,32.258 511.326,34.438 511.181,37.631 C511.035,40.831 511,41.851 511,50 C511,58.147 511.035,59.17 511.181,62.369 C511.326,65.562 511.834,67.743 512.574,69.651 C513.342,71.625 514.368,73.296 516.035,74.965 C517.703,76.634 519.376,77.658 521.349,78.425 C523.257,79.167 525.438,79.673 528.631,79.82 C531.831,79.965 532.853,80.001 541,80.001 C549.148,80.001 550.169,79.965 553.369,79.82 C556.562,79.673 558.743,79.167 560.652,78.425 C562.623,77.658 564.297,76.634 565.965,74.965 C567.633,73.296 568.659,71.625 569.425,69.651 C570.167,67.743 570.674,65.562 570.82,62.369 C570.966,59.17 571,58.147 571,50 C571,41.851 570.966,40.831 570.82,37.631\"><\/path><\/g><\/g><\/g><\/svg><\/div><div style=\"padding-top: 8px;\"> <div style=\" color:#3897f0; font-family:Arial,sans-serif; font-size:14px; font-style:normal; font-weight:550; line-height:18px;\">Ver esta publicaci\u00f3n en Instagram<\/div><\/div><div style=\"padding: 12.5% 0;\"><\/div> <div style=\"display: flex; flex-direction: row; margin-bottom: 14px; align-items: center;\"><div> <div style=\"background-color: #F4F4F4; border-radius: 50%; height: 12.5px; width: 12.5px; transform: translateX(0px) translateY(7px);\"><\/div> <div style=\"background-color: #F4F4F4; height: 12.5px; transform: rotate(-45deg) translateX(3px) translateY(1px); width: 12.5px; flex-grow: 0; margin-right: 14px; margin-left: 2px;\"><\/div> <div style=\"background-color: #F4F4F4; border-radius: 50%; height: 12.5px; width: 12.5px; transform: translateX(9px) translateY(-18px);\"><\/div><\/div><div style=\"margin-left: 8px;\"> <div style=\" background-color: #F4F4F4; border-radius: 50%; flex-grow: 0; height: 20px; width: 20px;\"><\/div> <div style=\" width: 0; height: 0; border-top: 2px solid transparent; border-left: 6px solid #f4f4f4; border-bottom: 2px solid transparent; transform: translateX(16px) translateY(-4px) rotate(30deg)\"><\/div><\/div><div style=\"margin-left: auto;\"> <div style=\" width: 0px; border-top: 8px solid #F4F4F4; border-right: 8px solid transparent; transform: translateY(16px);\"><\/div> <div style=\" background-color: #F4F4F4; flex-grow: 0; height: 12px; width: 16px; transform: translateY(-4px);\"><\/div> <div style=\" width: 0; height: 0; border-top: 8px solid #F4F4F4; border-left: 8px solid transparent; transform: translateY(-4px) translateX(8px);\"><\/div><\/div><\/div> <div style=\"display: flex; flex-direction: column; flex-grow: 1; justify-content: center; margin-bottom: 24px;\"> <div style=\" background-color: #F4F4F4; border-radius: 4px; flex-grow: 0; height: 14px; margin-bottom: 6px; width: 224px;\"><\/div> <div style=\" background-color: #F4F4F4; border-radius: 4px; flex-grow: 0; height: 14px; width: 144px;\"><\/div><\/div><\/a><p style=\" color:#c9c8cd; font-family:Arial,sans-serif; font-size:14px; line-height:17px; margin-bottom:0; margin-top:8px; overflow:hidden; padding:8px 0 7px; text-align:center; text-overflow:ellipsis; white-space:nowrap;\"><a href=\"https:\/\/www.instagram.com\/reel\/DIACZRTSL_h\/?utm_source=ig_embed&amp;utm_campaign=loading\" style=\" color:#c9c8cd; font-family:Arial,sans-serif; font-size:14px; font-style:normal; font-weight:normal; line-height:17px; text-decoration:none;\" target=\"_blank\">Una publicaci\u00f3n compartida de Pazz (@pazz.ok_)<\/a><\/p><\/div><\/blockquote> <script async src=\"\/\/www.instagram.com\/embed.js\"><\/script>\t\t\t\t<\/div>\n\t\t\t\t<div class=\"elementor-element elementor-element-cb99b0a section-title-style-default meta-visibility-show title_position_default title_hover_border_default title-default img_hover_animation_default meta_position_default readmore-btn-default-style grid-hover-overlay-type-always tpg-el-box-border-enable tpg-border-bottom-disable elementor-widget elementor-widget-tpg-list-layout\" data-id=\"cb99b0a\" data-element_type=\"widget\" data-widget_type=\"tpg-list-layout.default\">\n\t\t\t\t<div class=\"elementor-widget-container\">\n\t\t\t\t\t\n        <div class=\"rt-container-fluid rt-tpg-container tpg-el-main-wrapper list-layout1-main \"\n             data-sc-id=\"elementor\"\n             id=\"rt-tpg-container-2762343016\"\n             data-layout=\"list-layout1\"\n             data-grid-style=\"tpg-even\"\n             data-el-settings=''\n             data-el-query=''\n             data-el-path=''\n        >\n\t\t\t            <div class='tpg-header-wrapper '>\n\t\t\t\t\n        <div class=\"tpg-widget-heading-wrapper rt-clear heading-default \">\n            <span class=\"tpg-widget-heading-line line-left\"><\/span>\n\t\t\t<h2 class='tpg-widget-heading'>\n\t\t\t\n\t\t\t\t                    <span>\n\t\t\t\t\t\tDescubre m\u00e1s sobre m\u00fasica\t\t\t\t\t<\/span>\n\t\t\t\t\t\n\t\t\t\t\t\t\t<\/h2>            <span class=\"tpg-widget-heading-line line-right\"><\/span>\n\n\t\t\t\n        <\/div>\n\n\t\t\n\t\t            <\/div>\n\n            <div data-title=\"Loading ...\" class=\"rt-row rt-content-loader list-layout1 tpg-even list-behaviour list-layout-wrapper\">\n\t\t\t\t\n<div class=\"rt-col-md-12 rt-col-sm-12 rt-col-xs-12 default rt-list-item rt-grid-item\" data-id=\"2960\">\n\t<div class=\"rt-holder tpg-post-holder\">\n\t\t<div class=\"rt-detail rt-el-content-wrapper\">\n\t\t\t\t\t\t\t<div class=\"rt-img-holder tpg-el-image-wrap has-thumbnail\">\n\t\t\t\t\t<a data-id=\"2960\" href=\"https:\/\/sermusicos.com\/index.php\/2025\/05\/16\/zeke-wilki-el-arte-como-acto-de-rebelion-real\/\" class=\"tpg-post-link\" target=\"_self\">                        <img loading=\"lazy\" decoding=\"async\" src=\"https:\/\/sermusicos.com\/wp-content\/uploads\/2025\/05\/DSC09303-scaled-e1747412131679-768x513.jpeg\"\n                             class=\"rt-img-responsive\"\n                             width=\"768\"\n                             height=\"513\"\n                             alt=\"Zeke Wilki en Gier Music\">\n\t\t\t\t\t\t\n\t\t\t\t\t\t\t\n\t\t<\/a>\n\t\t        <div class=\"overlay grid-hover-content\"><\/div>\n\t\t\t\t\t\t<\/div>\n\t\t\t\n\t\t\t<div class=\"post-right-content\">\n\t\t\t\t<div class=\"entry-title-wrapper\"><h3 class=\"entry-title\"><a data-id=\"2960\" href=\"https:\/\/sermusicos.com\/index.php\/2025\/05\/16\/zeke-wilki-el-arte-como-acto-de-rebelion-real\/\" class=\"tpg-post-link\" target=\"_self\">Zeke Wilki: el arte como acto de rebeli\u00f3n real<\/a><\/h3><\/div>\n\t\t\t\t\t\t\t\t\t<div class=\"post-meta-tags rt-el-post-meta\">\n\t\t\t\t\t\t\t\t\t\t\t<\/div>\n\t\t\t\t\n\t\t\t\t\t\t\t\t\t<div class=\"tpg-excerpt tpg-el-excerpt\">\n\t\t\t\t\t\t\t\t\t\t\t\t\t<div class=\"tpg-excerpt-inner\">\n\t\t\t\t\t\t\t\tZeke confiesa: \u201cMe fui de viaje sin saber tocar la guitarra. Volv\u00ed con un fuego adentro que no se...\t\t\t\t\t\t\t<\/div>\n\t\t\t\t\t\t\t\t\t\t\t\t\t\t\t\t\t<\/div>\n\t\t\t\t\n\t\t\t\t        <div class=\"post-footer\">\n            <div class=\"post-footer\">\n                <div class=\"read-more\">\n\t\t\t\t\t<a data-id=\"2960\" href=\"https:\/\/sermusicos.com\/index.php\/2025\/05\/16\/zeke-wilki-el-arte-como-acto-de-rebelion-real\/\" class=\"tpg-post-link\" target=\"_self\">Leer m\u00e1s<\/a>                <\/div>\n            <\/div>\n        <\/div>\n\t\t\t\t\t<\/div>\n\t\t<\/div>\n\t<\/div>\n<\/div>\n\n<div class=\"rt-col-md-12 rt-col-sm-12 rt-col-xs-12 default rt-list-item rt-grid-item\" data-id=\"2802\">\n\t<div class=\"rt-holder tpg-post-holder\">\n\t\t<div class=\"rt-detail rt-el-content-wrapper\">\n\t\t\t\t\t\t\t<div class=\"rt-img-holder tpg-el-image-wrap has-thumbnail\">\n\t\t\t\t\t<a data-id=\"2802\" href=\"https:\/\/sermusicos.com\/index.php\/2025\/05\/01\/pazzmusica\/\" class=\"tpg-post-link\" target=\"_self\">                        <img loading=\"lazy\" decoding=\"async\" src=\"https:\/\/sermusicos.com\/wp-content\/uploads\/2025\/05\/Pazz-en-vivo.jpg.png\"\n                             class=\"rt-img-responsive\"\n                             width=\"1\"\n                             height=\"1\"\n                             alt=\"Pazz en vivo en Makena Buenos Aires\">\n\t\t\t\t\t\t\n\t\t\t\t\t\t\t\n\t\t<\/a>\n\t\t        <div class=\"overlay grid-hover-content\"><\/div>\n\t\t\t\t\t\t<\/div>\n\t\t\t\n\t\t\t<div class=\"post-right-content\">\n\t\t\t\t<div class=\"entry-title-wrapper\"><h3 class=\"entry-title\"><a data-id=\"2802\" href=\"https:\/\/sermusicos.com\/index.php\/2025\/05\/01\/pazzmusica\/\" class=\"tpg-post-link\" target=\"_self\">Viaje musical de Pazz: Migrar, tocar y sanar<\/a><\/h3><\/div>\n\t\t\t\t\t\t\t\t\t<div class=\"post-meta-tags rt-el-post-meta\">\n\t\t\t\t\t\t\t\t\t\t\t<\/div>\n\t\t\t\t\n\t\t\t\t\t\t\t\t\t<div class=\"tpg-excerpt tpg-el-excerpt\">\n\t\t\t\t\t\t\t\t\t\t\t\t\t<div class=\"tpg-excerpt-inner\">\n\t\t\t\t\t\t\t\tPazz nos cuenta: &#8220;Compongo por esa necesidad de expresar y gestionar lo que sucede con esta...\t\t\t\t\t\t\t<\/div>\n\t\t\t\t\t\t\t\t\t\t\t\t\t\t\t\t\t<\/div>\n\t\t\t\t\n\t\t\t\t        <div class=\"post-footer\">\n            <div class=\"post-footer\">\n                <div class=\"read-more\">\n\t\t\t\t\t<a data-id=\"2802\" href=\"https:\/\/sermusicos.com\/index.php\/2025\/05\/01\/pazzmusica\/\" class=\"tpg-post-link\" target=\"_self\">Leer m\u00e1s<\/a>                <\/div>\n            <\/div>\n        <\/div>\n\t\t\t\t\t<\/div>\n\t\t<\/div>\n\t<\/div>\n<\/div>\n\n<div class=\"rt-col-md-12 rt-col-sm-12 rt-col-xs-12 default rt-list-item rt-grid-item\" data-id=\"2777\">\n\t<div class=\"rt-holder tpg-post-holder\">\n\t\t<div class=\"rt-detail rt-el-content-wrapper\">\n\t\t\t\t\t\t\t<div class=\"rt-img-holder tpg-el-image-wrap has-thumbnail\">\n\t\t\t\t\t<a data-id=\"2777\" href=\"https:\/\/sermusicos.com\/index.php\/2024\/07\/16\/matchfy-catapulta-tu-carrera-en-playlists-top\/\" class=\"tpg-post-link\" target=\"_self\">                        <img loading=\"lazy\" decoding=\"async\" src=\"https:\/\/sermusicos.com\/wp-content\/uploads\/2024\/07\/WhatsApp-Image-2024-07-16-at-19.35.55.jpeg\"\n                             class=\"rt-img-responsive\"\n                             width=\"768\"\n                             height=\"372\"\n                             alt=\"matchfy\">\n\t\t\t\t\t\t\n\t\t\t\t\t\t\t\n\t\t<\/a>\n\t\t        <div class=\"overlay grid-hover-content\"><\/div>\n\t\t\t\t\t\t<\/div>\n\t\t\t\n\t\t\t<div class=\"post-right-content\">\n\t\t\t\t<div class=\"entry-title-wrapper\"><h3 class=\"entry-title\"><a data-id=\"2777\" href=\"https:\/\/sermusicos.com\/index.php\/2024\/07\/16\/matchfy-catapulta-tu-carrera-en-playlists-top\/\" class=\"tpg-post-link\" target=\"_self\">Matchfy: Catapulta tu carrera en playlists top<\/a><\/h3><\/div>\n\t\t\t\t\t\t\t\t\t<div class=\"post-meta-tags rt-el-post-meta\">\n\t\t\t\t\t\t\t\t\t\t\t<\/div>\n\t\t\t\t\n\t\t\t\t\t\t\t\t\t<div class=\"tpg-excerpt tpg-el-excerpt\">\n\t\t\t\t\t\t\t\t\t\t\t\t\t<div class=\"tpg-excerpt-inner\">\n\t\t\t\t\t\t\t\tMatchfy: Tu m\u00fasica en las mejores playlists. Promociona tu m\u00fasica, aumenta tus reproducciones...\t\t\t\t\t\t\t<\/div>\n\t\t\t\t\t\t\t\t\t\t\t\t\t\t\t\t\t<\/div>\n\t\t\t\t\n\t\t\t\t        <div class=\"post-footer\">\n            <div class=\"post-footer\">\n                <div class=\"read-more\">\n\t\t\t\t\t<a data-id=\"2777\" href=\"https:\/\/sermusicos.com\/index.php\/2024\/07\/16\/matchfy-catapulta-tu-carrera-en-playlists-top\/\" class=\"tpg-post-link\" target=\"_self\">Leer m\u00e1s<\/a>                <\/div>\n            <\/div>\n        <\/div>\n\t\t\t\t\t<\/div>\n\t\t<\/div>\n\t<\/div>\n<\/div>\n\n<div class=\"rt-col-md-12 rt-col-sm-12 rt-col-xs-12 default rt-list-item rt-grid-item\" data-id=\"2722\">\n\t<div class=\"rt-holder tpg-post-holder\">\n\t\t<div class=\"rt-detail rt-el-content-wrapper\">\n\t\t\t\t\t\t\t<div class=\"rt-img-holder tpg-el-image-wrap has-thumbnail\">\n\t\t\t\t\t<a data-id=\"2722\" href=\"https:\/\/sermusicos.com\/index.php\/2024\/06\/27\/jazz-la-improvisacion-al-torbellino-emocional\/\" class=\"tpg-post-link\" target=\"_self\">                        <img loading=\"lazy\" decoding=\"async\" src=\"https:\/\/sermusicos.com\/wp-content\/uploads\/2024\/06\/Reggae-y-Jazz.png\"\n                             class=\"rt-img-responsive\"\n                             width=\"768\"\n                             height=\"512\"\n                             alt=\"Jazz\">\n\t\t\t\t\t\t\n\t\t\t\t\t\t\t\n\t\t<\/a>\n\t\t        <div class=\"overlay grid-hover-content\"><\/div>\n\t\t\t\t\t\t<\/div>\n\t\t\t\n\t\t\t<div class=\"post-right-content\">\n\t\t\t\t<div class=\"entry-title-wrapper\"><h3 class=\"entry-title\"><a data-id=\"2722\" href=\"https:\/\/sermusicos.com\/index.php\/2024\/06\/27\/jazz-la-improvisacion-al-torbellino-emocional\/\" class=\"tpg-post-link\" target=\"_self\">Jazz: La improvisaci\u00f3n al torbellino emocional<\/a><\/h3><\/div>\n\t\t\t\t\t\t\t\t\t<div class=\"post-meta-tags rt-el-post-meta\">\n\t\t\t\t\t\t\t\t\t\t\t<\/div>\n\t\t\t\t\n\t\t\t\t\t\t\t\t\t<div class=\"tpg-excerpt tpg-el-excerpt\">\n\t\t\t\t\t\t\t\t\t\t\t\t\t<div class=\"tpg-excerpt-inner\">\n\t\t\t\t\t\t\t\tJazz: Su historia y subg\u00e9neros, conoce a sus artistas legendarios. D\u00e9jate llevar por la...\t\t\t\t\t\t\t<\/div>\n\t\t\t\t\t\t\t\t\t\t\t\t\t\t\t\t\t<\/div>\n\t\t\t\t\n\t\t\t\t        <div class=\"post-footer\">\n            <div class=\"post-footer\">\n                <div class=\"read-more\">\n\t\t\t\t\t<a data-id=\"2722\" href=\"https:\/\/sermusicos.com\/index.php\/2024\/06\/27\/jazz-la-improvisacion-al-torbellino-emocional\/\" class=\"tpg-post-link\" target=\"_self\">Leer m\u00e1s<\/a>                <\/div>\n            <\/div>\n        <\/div>\n\t\t\t\t\t<\/div>\n\t\t<\/div>\n\t<\/div>\n<\/div>\n\n<div class=\"rt-col-md-12 rt-col-sm-12 rt-col-xs-12 default rt-list-item rt-grid-item\" data-id=\"2690\">\n\t<div class=\"rt-holder tpg-post-holder\">\n\t\t<div class=\"rt-detail rt-el-content-wrapper\">\n\t\t\t\t\t\t\t<div class=\"rt-img-holder tpg-el-image-wrap has-thumbnail\">\n\t\t\t\t\t<a data-id=\"2690\" href=\"https:\/\/sermusicos.com\/index.php\/2024\/06\/27\/poder-del-reggae-raices-evolucion-e-impacto\/\" class=\"tpg-post-link\" target=\"_self\">                        <img loading=\"lazy\" decoding=\"async\" src=\"https:\/\/sermusicos.com\/wp-content\/uploads\/2024\/06\/Reggae.png\"\n                             class=\"rt-img-responsive\"\n                             width=\"768\"\n                             height=\"512\"\n                             alt=\"Reggae\">\n\t\t\t\t\t\t\n\t\t\t\t\t\t\t\n\t\t<\/a>\n\t\t        <div class=\"overlay grid-hover-content\"><\/div>\n\t\t\t\t\t\t<\/div>\n\t\t\t\n\t\t\t<div class=\"post-right-content\">\n\t\t\t\t<div class=\"entry-title-wrapper\"><h3 class=\"entry-title\"><a data-id=\"2690\" href=\"https:\/\/sermusicos.com\/index.php\/2024\/06\/27\/poder-del-reggae-raices-evolucion-e-impacto\/\" class=\"tpg-post-link\" target=\"_self\">Poder del Reggae: Ra\u00edces, evoluci\u00f3n e impacto<\/a><\/h3><\/div>\n\t\t\t\t\t\t\t\t\t<div class=\"post-meta-tags rt-el-post-meta\">\n\t\t\t\t\t\t\t\t\t\t\t<\/div>\n\t\t\t\t\n\t\t\t\t\t\t\t\t\t<div class=\"tpg-excerpt tpg-el-excerpt\">\n\t\t\t\t\t\t\t\t\t\t\t\t\t<div class=\"tpg-excerpt-inner\">\n\t\t\t\t\t\t\t\tDescubre el fascinante mundo del Reggae: su historia, subg\u00e9neros, artistas m\u00e1s destacados e impacto...\t\t\t\t\t\t\t<\/div>\n\t\t\t\t\t\t\t\t\t\t\t\t\t\t\t\t\t<\/div>\n\t\t\t\t\n\t\t\t\t        <div class=\"post-footer\">\n            <div class=\"post-footer\">\n                <div class=\"read-more\">\n\t\t\t\t\t<a data-id=\"2690\" href=\"https:\/\/sermusicos.com\/index.php\/2024\/06\/27\/poder-del-reggae-raices-evolucion-e-impacto\/\" class=\"tpg-post-link\" target=\"_self\">Leer m\u00e1s<\/a>                <\/div>\n            <\/div>\n        <\/div>\n\t\t\t\t\t<\/div>\n\t\t<\/div>\n\t<\/div>\n<\/div>\n\n<div class=\"rt-col-md-12 rt-col-sm-12 rt-col-xs-12 default rt-list-item rt-grid-item\" data-id=\"2535\">\n\t<div class=\"rt-holder tpg-post-holder\">\n\t\t<div class=\"rt-detail rt-el-content-wrapper\">\n\t\t\t\t\t\t\t<div class=\"rt-img-holder tpg-el-image-wrap has-thumbnail\">\n\t\t\t\t\t<a data-id=\"2535\" href=\"https:\/\/sermusicos.com\/index.php\/2024\/05\/16\/roger-beck-fenomeno-pop-conquistando-el-mundo\/\" class=\"tpg-post-link\" target=\"_self\">                        <img loading=\"lazy\" decoding=\"async\" src=\"https:\/\/sermusicos.com\/wp-content\/uploads\/2024\/05\/10-4.jpg\"\n                             class=\"rt-img-responsive\"\n                             width=\"768\"\n                             height=\"513\"\n                             alt=\"Roger Beck\">\n\t\t\t\t\t\t\n\t\t\t\t\t\t\t\n\t\t<\/a>\n\t\t        <div class=\"overlay grid-hover-content\"><\/div>\n\t\t\t\t\t\t<\/div>\n\t\t\t\n\t\t\t<div class=\"post-right-content\">\n\t\t\t\t<div class=\"entry-title-wrapper\"><h3 class=\"entry-title\"><a data-id=\"2535\" href=\"https:\/\/sermusicos.com\/index.php\/2024\/05\/16\/roger-beck-fenomeno-pop-conquistando-el-mundo\/\" class=\"tpg-post-link\" target=\"_self\">Roger Beck: Fen\u00f3meno Pop Conquistando el Mundo<\/a><\/h3><\/div>\n\t\t\t\t\t\t\t\t\t<div class=\"post-meta-tags rt-el-post-meta\">\n\t\t\t\t\t\t\t\t\t\t\t<\/div>\n\t\t\t\t\n\t\t\t\t\t\t\t\t\t<div class=\"tpg-excerpt tpg-el-excerpt\">\n\t\t\t\t\t\t\t\t\t\t\t\t\t<div class=\"tpg-excerpt-inner\">\n\t\t\t\t\t\t\t\tRoger Beck, el talentoso artista Pop revelaci\u00f3n que expandi\u00f3 su talento desde Argentina a todo el...\t\t\t\t\t\t\t<\/div>\n\t\t\t\t\t\t\t\t\t\t\t\t\t\t\t\t\t<\/div>\n\t\t\t\t\n\t\t\t\t        <div class=\"post-footer\">\n            <div class=\"post-footer\">\n                <div class=\"read-more\">\n\t\t\t\t\t<a data-id=\"2535\" href=\"https:\/\/sermusicos.com\/index.php\/2024\/05\/16\/roger-beck-fenomeno-pop-conquistando-el-mundo\/\" class=\"tpg-post-link\" target=\"_self\">Leer m\u00e1s<\/a>                <\/div>\n            <\/div>\n        <\/div>\n\t\t\t\t\t<\/div>\n\t\t<\/div>\n\t<\/div>\n<\/div>\n\n<div class=\"rt-col-md-12 rt-col-sm-12 rt-col-xs-12 default rt-list-item rt-grid-item\" data-id=\"2514\">\n\t<div class=\"rt-holder tpg-post-holder\">\n\t\t<div class=\"rt-detail rt-el-content-wrapper\">\n\t\t\t\t\t\t\t<div class=\"rt-img-holder tpg-el-image-wrap has-thumbnail\">\n\t\t\t\t\t<a data-id=\"2514\" href=\"https:\/\/sermusicos.com\/index.php\/2024\/05\/10\/pop-del-2010-del-underground-al-mainstream\/\" class=\"tpg-post-link\" target=\"_self\">                        <img loading=\"lazy\" decoding=\"async\" src=\"https:\/\/sermusicos.com\/wp-content\/uploads\/2024\/05\/2010.png\"\n                             class=\"rt-img-responsive\"\n                             width=\"768\"\n                             height=\"512\"\n                             alt=\"pop\">\n\t\t\t\t\t\t\n\t\t\t\t\t\t\t\n\t\t<\/a>\n\t\t        <div class=\"overlay grid-hover-content\"><\/div>\n\t\t\t\t\t\t<\/div>\n\t\t\t\n\t\t\t<div class=\"post-right-content\">\n\t\t\t\t<div class=\"entry-title-wrapper\"><h3 class=\"entry-title\"><a data-id=\"2514\" href=\"https:\/\/sermusicos.com\/index.php\/2024\/05\/10\/pop-del-2010-del-underground-al-mainstream\/\" class=\"tpg-post-link\" target=\"_self\">Pop del 2010: Del underground al mainstream<\/a><\/h3><\/div>\n\t\t\t\t\t\t\t\t\t<div class=\"post-meta-tags rt-el-post-meta\">\n\t\t\t\t\t\t\t\t\t\t\t<\/div>\n\t\t\t\t\n\t\t\t\t\t\t\t\t\t<div class=\"tpg-excerpt tpg-el-excerpt\">\n\t\t\t\t\t\t\t\t\t\t\t\t\t<div class=\"tpg-excerpt-inner\">\n\t\t\t\t\t\t\t\tDescubre el Pop 2010: EDM, Trap, Pop alternativo, boybands y el auge de las redes sociales. \u00a1Revive...\t\t\t\t\t\t\t<\/div>\n\t\t\t\t\t\t\t\t\t\t\t\t\t\t\t\t\t<\/div>\n\t\t\t\t\n\t\t\t\t        <div class=\"post-footer\">\n            <div class=\"post-footer\">\n                <div class=\"read-more\">\n\t\t\t\t\t<a data-id=\"2514\" href=\"https:\/\/sermusicos.com\/index.php\/2024\/05\/10\/pop-del-2010-del-underground-al-mainstream\/\" class=\"tpg-post-link\" target=\"_self\">Leer m\u00e1s<\/a>                <\/div>\n            <\/div>\n        <\/div>\n\t\t\t\t\t<\/div>\n\t\t<\/div>\n\t<\/div>\n<\/div>\n\n<div class=\"rt-col-md-12 rt-col-sm-12 rt-col-xs-12 default rt-list-item rt-grid-item\" data-id=\"2500\">\n\t<div class=\"rt-holder tpg-post-holder\">\n\t\t<div class=\"rt-detail rt-el-content-wrapper\">\n\t\t\t\t\t\t\t<div class=\"rt-img-holder tpg-el-image-wrap has-thumbnail\">\n\t\t\t\t\t<a data-id=\"2500\" href=\"https:\/\/sermusicos.com\/index.php\/2024\/05\/10\/pop-2000s-del-boom-del-pop-latino-al-reality\/\" class=\"tpg-post-link\" target=\"_self\">                        <img loading=\"lazy\" decoding=\"async\" src=\"https:\/\/sermusicos.com\/wp-content\/uploads\/2024\/05\/person.png\"\n                             class=\"rt-img-responsive\"\n                             width=\"768\"\n                             height=\"512\"\n                             alt=\"pop\">\n\t\t\t\t\t\t\n\t\t\t\t\t\t\t\n\t\t<\/a>\n\t\t        <div class=\"overlay grid-hover-content\"><\/div>\n\t\t\t\t\t\t<\/div>\n\t\t\t\n\t\t\t<div class=\"post-right-content\">\n\t\t\t\t<div class=\"entry-title-wrapper\"><h3 class=\"entry-title\"><a data-id=\"2500\" href=\"https:\/\/sermusicos.com\/index.php\/2024\/05\/10\/pop-2000s-del-boom-del-pop-latino-al-reality\/\" class=\"tpg-post-link\" target=\"_self\">Pop 2000s: Del boom del pop latino al reality<\/a><\/h3><\/div>\n\t\t\t\t\t\t\t\t\t<div class=\"post-meta-tags rt-el-post-meta\">\n\t\t\t\t\t\t\t\t\t\t\t<\/div>\n\t\t\t\t\n\t\t\t\t\t\t\t\t\t<div class=\"tpg-excerpt tpg-el-excerpt\">\n\t\t\t\t\t\t\t\t\t\t\t\t\t<div class=\"tpg-excerpt-inner\">\n\t\t\t\t\t\t\t\tDescubre el Pop 2000: pop latino, boybands, reality shows y la revoluci\u00f3n digital. \u00a1Revive a...\t\t\t\t\t\t\t<\/div>\n\t\t\t\t\t\t\t\t\t\t\t\t\t\t\t\t\t<\/div>\n\t\t\t\t\n\t\t\t\t        <div class=\"post-footer\">\n            <div class=\"post-footer\">\n                <div class=\"read-more\">\n\t\t\t\t\t<a data-id=\"2500\" href=\"https:\/\/sermusicos.com\/index.php\/2024\/05\/10\/pop-2000s-del-boom-del-pop-latino-al-reality\/\" class=\"tpg-post-link\" target=\"_self\">Leer m\u00e1s<\/a>                <\/div>\n            <\/div>\n        <\/div>\n\t\t\t\t\t<\/div>\n\t\t<\/div>\n\t<\/div>\n<\/div>\n\n<div class=\"rt-col-md-12 rt-col-sm-12 rt-col-xs-12 default rt-list-item rt-grid-item\" data-id=\"2479\">\n\t<div class=\"rt-holder tpg-post-holder\">\n\t\t<div class=\"rt-detail rt-el-content-wrapper\">\n\t\t\t\t\t\t\t<div class=\"rt-img-holder tpg-el-image-wrap has-thumbnail\">\n\t\t\t\t\t<a data-id=\"2479\" href=\"https:\/\/sermusicos.com\/index.php\/2024\/04\/28\/pop-90s-cds-grunge-britpop-latinpop-y-mas\/\" class=\"tpg-post-link\" target=\"_self\">                        <img loading=\"lazy\" decoding=\"async\" src=\"https:\/\/sermusicos.com\/wp-content\/uploads\/2024\/04\/Pop-90s.png\"\n                             class=\"rt-img-responsive\"\n                             width=\"768\"\n                             height=\"512\"\n                             alt=\"pop\">\n\t\t\t\t\t\t\n\t\t\t\t\t\t\t\n\t\t<\/a>\n\t\t        <div class=\"overlay grid-hover-content\"><\/div>\n\t\t\t\t\t\t<\/div>\n\t\t\t\n\t\t\t<div class=\"post-right-content\">\n\t\t\t\t<div class=\"entry-title-wrapper\"><h3 class=\"entry-title\"><a data-id=\"2479\" href=\"https:\/\/sermusicos.com\/index.php\/2024\/04\/28\/pop-90s-cds-grunge-britpop-latinpop-y-mas\/\" class=\"tpg-post-link\" target=\"_self\">Pop  90s: Grunge, Britpop, Latinpop y Boybands<\/a><\/h3><\/div>\n\t\t\t\t\t\t\t\t\t<div class=\"post-meta-tags rt-el-post-meta\">\n\t\t\t\t\t\t\t\t\t\t\t<\/div>\n\t\t\t\t\n\t\t\t\t\t\t\t\t\t<div class=\"tpg-excerpt tpg-el-excerpt\">\n\t\t\t\t\t\t\t\t\t\t\t\t\t<div class=\"tpg-excerpt-inner\">\n\t\t\t\t\t\t\t\tDescubre la revoluci\u00f3n del Pop de los 90s: grunge, britpop, boybands, girlgroups y el auge del pop...\t\t\t\t\t\t\t<\/div>\n\t\t\t\t\t\t\t\t\t\t\t\t\t\t\t\t\t<\/div>\n\t\t\t\t\n\t\t\t\t        <div class=\"post-footer\">\n            <div class=\"post-footer\">\n                <div class=\"read-more\">\n\t\t\t\t\t<a data-id=\"2479\" href=\"https:\/\/sermusicos.com\/index.php\/2024\/04\/28\/pop-90s-cds-grunge-britpop-latinpop-y-mas\/\" class=\"tpg-post-link\" target=\"_self\">Leer m\u00e1s<\/a>                <\/div>\n            <\/div>\n        <\/div>\n\t\t\t\t\t<\/div>\n\t\t<\/div>\n\t<\/div>\n<\/div>\n            <\/div>\n\n\t\t\t\n        <\/div>\n\t\t\t\t\t\t<\/div>\n\t\t\t\t<\/div>\n\t\t\t\t\t<\/div>\n\t\t\t\t<\/div>\n\t\t\t\t<\/div>\n\t\t","protected":false},"excerpt":{"rendered":"<p>Pazz nos cuenta: &#8220;Compongo por esa necesidad de expresar y gestionar lo que sucede con esta condici\u00f3n humana; me lleva [&hellip;]<\/p>\n","protected":false},"author":1,"featured_media":2889,"comment_status":"open","ping_status":"open","sticky":false,"template":"","format":"standard","meta":{"om_disable_all_campaigns":false,"_monsterinsights_skip_tracking":false,"_monsterinsights_sitenote_active":false,"_monsterinsights_sitenote_note":"","_monsterinsights_sitenote_category":0,"_uf_show_specific_survey":0,"_uf_disable_surveys":false,"site-sidebar-layout":"default","site-content-layout":"","ast-site-content-layout":"","site-content-style":"default","site-sidebar-style":"default","ast-global-header-display":"","ast-banner-title-visibility":"","ast-main-header-display":"","ast-hfb-above-header-display":"","ast-hfb-below-header-display":"","ast-hfb-mobile-header-display":"","site-post-title":"","ast-breadcrumbs-content":"","ast-featured-img":"","footer-sml-layout":"","theme-transparent-header-meta":"","adv-header-id-meta":"","stick-header-meta":"","header-above-stick-meta":"","header-main-stick-meta":"","header-below-stick-meta":"","astra-migrate-meta-layouts":"default","ast-page-background-enabled":"default","ast-page-background-meta":{"desktop":{"background-color":"var(--ast-global-color-4)","background-image":"","background-repeat":"repeat","background-position":"center center","background-size":"auto","background-attachment":"scroll","background-type":"","background-media":"","overlay-type":"","overlay-color":"","overlay-gradient":""},"tablet":{"background-color":"","background-image":"","background-repeat":"repeat","background-position":"center center","background-size":"auto","background-attachment":"scroll","background-type":"","background-media":"","overlay-type":"","overlay-color":"","overlay-gradient":""},"mobile":{"background-color":"","background-image":"","background-repeat":"repeat","background-position":"center center","background-size":"auto","background-attachment":"scroll","background-type":"","background-media":"","overlay-type":"","overlay-color":"","overlay-gradient":""}},"ast-content-background-meta":{"desktop":{"background-color":"var(--ast-global-color-5)","background-image":"","background-repeat":"repeat","background-position":"center center","background-size":"auto","background-attachment":"scroll","background-type":"","background-media":"","overlay-type":"","overlay-color":"","overlay-gradient":""},"tablet":{"background-color":"var(--ast-global-color-5)","background-image":"","background-repeat":"repeat","background-position":"center center","background-size":"auto","background-attachment":"scroll","background-type":"","background-media":"","overlay-type":"","overlay-color":"","overlay-gradient":""},"mobile":{"background-color":"var(--ast-global-color-5)","background-image":"","background-repeat":"repeat","background-position":"center center","background-size":"auto","background-attachment":"scroll","background-type":"","background-media":"","overlay-type":"","overlay-color":"","overlay-gradient":""}},"footnotes":""},"categories":[115],"tags":[411,422,430,391,442,409,402,399,392,401,439,436,420,394,431,412,424,408,425,432,410,390,403,393,413,415,232,437,417,440,395,43,435,46,404,405,147,400,389,396,397,441,398,426,419,428,407,414,438,416,427,418,429,406,434,218,421,423,433],"class_list":["post-2802","post","type-post","status-publish","format-standard","has-post-thumbnail","hentry","category-artistas-emergentes","tag-adaptarse-culturalmente-en-argentina","tag-adaptogenos-y-creatividad","tag-artista-latino-emergente","tag-artista-migrante-latino","tag-artistas-multiculturales","tag-artistas-venezolanos-en-argentina","tag-atrapame-nuevo-single-pazz","tag-ayahuasca-y-creatividad","tag-blues-rock-latino","tag-buenos-aires-escena-musical","tag-cantantes-venezolanos-independientes","tag-colaboraciones-musicales-sonadas","tag-como-empezar-en-la-musica","tag-componer-para-sanar","tag-consejos-para-musicos-independientes","tag-cultura-migrante-en-la-musica","tag-direccion-coral-contemporanea","tag-drogas-y-salud-mental-en-artistas","tag-entrevista-exclusiva-sermusicos-com","tag-escena-indie-de-buenos-aires","tag-folklore-venezolano-moderno","tag-fusion-folclorica-caribena","tag-hacer-musica-sin-recursos","tag-historia-de-vida-de-pazz","tag-historias-de-superacion-en-la-musica","tag-historias-reales-de-musicos","tag-influencia-cultural","tag-inspiracion-musical-en-el-dolor","tag-juan-diego-paz-molero","tag-licenciatura-en-musica-venezuela","tag-migrar-siendo-musico","tag-musica","tag-musica-desde-maracaibo","tag-musica-digital","tag-musica-indie-latinoamericana","tag-musica-para-el-alma","tag-musica-pop","tag-musica-urbana-consciente","tag-musica-venezolana-actual","tag-musica-y-salud-mental","tag-musica-y-sanacion-emocional","tag-musicos-que-cuentan-su-historia","tag-musicos-que-inspiran","tag-musicos-resilientes","tag-musicos-venezolanos-migrantes","tag-nueva-cancion-pazz-2025","tag-pazz-artista-emergente","tag-pazz-entrevista-exclusiva","tag-pazz-nuevo-lanzamiento","tag-perdida-y-duelo-en-la-musica","tag-produccion-musical-en-migracion","tag-rodrigo-granzella-entrevista","tag-sonia-cancion-pazz","tag-supervivencia-migrante","tag-the-beatles-influencia","tag-transformacion","tag-transformar-el-dolor-en-arte","tag-vocacion-musical-tardia","tag-wos-y-pazz-colaboracion-sonada"],"aioseo_notices":[],"jetpack_featured_media_url":"https:\/\/sermusicos.com\/wp-content\/uploads\/2025\/05\/Pazz-en-vivo.jpg.png","rttpg_featured_image_url":{"full":["https:\/\/sermusicos.com\/wp-content\/uploads\/2025\/05\/Pazz-en-vivo.jpg.png",0,0,false],"landscape":["https:\/\/sermusicos.com\/wp-content\/uploads\/2025\/05\/Pazz-en-vivo.jpg.png",0,0,false],"portraits":["https:\/\/sermusicos.com\/wp-content\/uploads\/2025\/05\/Pazz-en-vivo.jpg.png",0,0,false],"thumbnail":["https:\/\/sermusicos.com\/wp-content\/uploads\/2025\/05\/Pazz-en-vivo.jpg.png",1,1,false],"medium":["https:\/\/sermusicos.com\/wp-content\/uploads\/2025\/05\/Pazz-en-vivo.jpg.png",1,1,false],"large":["https:\/\/sermusicos.com\/wp-content\/uploads\/2025\/05\/Pazz-en-vivo.jpg.png",1,1,false],"1536x1536":["https:\/\/sermusicos.com\/wp-content\/uploads\/2025\/05\/Pazz-en-vivo.jpg.png",1,1,false],"2048x2048":["https:\/\/sermusicos.com\/wp-content\/uploads\/2025\/05\/Pazz-en-vivo.jpg.png",1,1,false]},"rttpg_author":{"display_name":"Rodrigo Granzella","author_link":"https:\/\/sermusicos.com\/index.php\/author\/sermusicos-com\/"},"rttpg_comment":47,"rttpg_category":"<a href=\"https:\/\/sermusicos.com\/index.php\/category\/artistas-emergentes\/\" rel=\"category tag\">Artistas Emergentes<\/a>","rttpg_excerpt":"Pazz nos cuenta: &#8220;Compongo por esa necesidad de expresar y gestionar lo que sucede con esta condici\u00f3n humana; me lleva [&hellip;]","_links":{"self":[{"href":"https:\/\/sermusicos.com\/index.php\/wp-json\/wp\/v2\/posts\/2802","targetHints":{"allow":["GET"]}}],"collection":[{"href":"https:\/\/sermusicos.com\/index.php\/wp-json\/wp\/v2\/posts"}],"about":[{"href":"https:\/\/sermusicos.com\/index.php\/wp-json\/wp\/v2\/types\/post"}],"author":[{"embeddable":true,"href":"https:\/\/sermusicos.com\/index.php\/wp-json\/wp\/v2\/users\/1"}],"replies":[{"embeddable":true,"href":"https:\/\/sermusicos.com\/index.php\/wp-json\/wp\/v2\/comments?post=2802"}],"version-history":[{"count":141,"href":"https:\/\/sermusicos.com\/index.php\/wp-json\/wp\/v2\/posts\/2802\/revisions"}],"predecessor-version":[{"id":2958,"href":"https:\/\/sermusicos.com\/index.php\/wp-json\/wp\/v2\/posts\/2802\/revisions\/2958"}],"wp:featuredmedia":[{"embeddable":true,"href":"https:\/\/sermusicos.com\/index.php\/wp-json\/wp\/v2\/media\/2889"}],"wp:attachment":[{"href":"https:\/\/sermusicos.com\/index.php\/wp-json\/wp\/v2\/media?parent=2802"}],"wp:term":[{"taxonomy":"category","embeddable":true,"href":"https:\/\/sermusicos.com\/index.php\/wp-json\/wp\/v2\/categories?post=2802"},{"taxonomy":"post_tag","embeddable":true,"href":"https:\/\/sermusicos.com\/index.php\/wp-json\/wp\/v2\/tags?post=2802"}],"curies":[{"name":"wp","href":"https:\/\/api.w.org\/{rel}","templated":true}]}}