{"id":1876,"date":"2024-04-08T20:25:59","date_gmt":"2024-04-08T23:25:59","guid":{"rendered":"https:\/\/sermusicos.com\/?p=1876"},"modified":"2024-04-08T20:26:10","modified_gmt":"2024-04-08T23:26:10","slug":"explorando-la-musica-clasica-maestros-y-obras","status":"publish","type":"post","link":"https:\/\/sermusicos.com\/index.php\/2024\/04\/08\/explorando-la-musica-clasica-maestros-y-obras\/","title":{"rendered":"Explorando la M\u00fasica Cl\u00e1sica: Maestros y Obras"},"content":{"rendered":"\t\t<div data-elementor-type=\"wp-post\" data-elementor-id=\"1876\" class=\"elementor elementor-1876\">\n\t\t\t\t<div class=\"elementor-element elementor-element-162bb3b e-flex e-con-boxed e-con e-parent\" data-id=\"162bb3b\" data-element_type=\"container\">\n\t\t\t\t\t<div class=\"e-con-inner\">\n\t\t\t\t<div class=\"elementor-element elementor-element-bfd63c4 elementor-widget elementor-widget-text-editor\" data-id=\"bfd63c4\" data-element_type=\"widget\" data-widget_type=\"text-editor.default\">\n\t\t\t\t\t\t\t\t\t<p data-sourcepos=\"19:1-19:336\">La m\u00fasica cl\u00e1sica, un per\u00edodo cultural que se extendi\u00f3 desde mediados del siglo XVIII hasta principios del XIX, marc\u00f3 un hito en la historia de la m\u00fasica occidental. Caracterizado por su orden, claridad y equilibrio, el Clasicismo se vio influenciado por las ideas de la Ilustraci\u00f3n, que enfatizaban la raz\u00f3n, la armon\u00eda y el progreso.<\/p><p data-sourcepos=\"21:1-21:274\">A diferencia del\u00a0<a href=\"https:\/\/sermusicos.com\/index.php\/2024\/04\/07\/viaje-magico-al-barroco-un-esplendor-musical\/\" target=\"_blank\" rel=\"noopener\">Barroco<\/a>, con su exuberancia y dramatismo, el Clasicismo busc\u00f3 crear m\u00fasica m\u00e1s elegante, equilibrada y estructurada.\u00a0<a href=\"https:\/\/es.wikipedia.org\/wiki\/Forma_sonata\" target=\"_blank\" rel=\"noopener\">La forma sonata<\/a>\u00a0se convirti\u00f3 en la forma musical dominante, con su estructura de dos temas principales (bitem\u00e1tica) en tres movimientos (tripartita): exposici\u00f3n, desarrollo y recapitulaci\u00f3n.<\/p>\t\t\t\t\t\t\t\t<\/div>\n\t\t\t\t\t<\/div>\n\t\t\t\t<\/div>\n\t\t<div class=\"elementor-element elementor-element-4c55581 e-flex e-con-boxed e-con e-parent\" data-id=\"4c55581\" data-element_type=\"container\">\n\t\t\t\t\t<div class=\"e-con-inner\">\n\t\t\t\t<div class=\"elementor-element elementor-element-b6c4cc0 elementor-widget elementor-widget-image\" data-id=\"b6c4cc0\" data-element_type=\"widget\" data-widget_type=\"image.default\">\n\t\t\t\t\t\t\t\t\t\t\t\t\t\t\t<img fetchpriority=\"high\" decoding=\"async\" width=\"800\" height=\"800\" src=\"https:\/\/sermusicos.com\/wp-content\/uploads\/2024\/04\/Diseno-sin-titulo-1.png\" class=\"attachment-large size-large wp-image-1878\" alt=\"m\u00fasica cl\u00e1sica\" \/>\t\t\t\t\t\t\t\t\t\t\t\t\t\t\t<\/div>\n\t\t\t\t\t<\/div>\n\t\t\t\t<\/div>\n\t\t<div class=\"elementor-element elementor-element-9500e96 e-flex e-con-boxed e-con e-parent\" data-id=\"9500e96\" data-element_type=\"container\">\n\t\t\t\t\t<div class=\"e-con-inner\">\n\t\t\t\t<div class=\"elementor-element elementor-element-4c3b277 elementor-widget elementor-widget-text-editor\" data-id=\"4c3b277\" data-element_type=\"widget\" data-widget_type=\"text-editor.default\">\n\t\t\t\t\t\t\t\t\t<p>Compositores como\u00a0<a href=\"https:\/\/es.wikipedia.org\/wiki\/Wolfgang_Amadeus_Mozart\" target=\"_blank\" rel=\"noopener\">Mozart<\/a>\u00a0y\u00a0<a href=\"https:\/\/es.wikipedia.org\/wiki\/Ludwig_van_Beethoven\" target=\"_blank\" rel=\"noopener\">Beethoven<\/a>\u00a0exploraron estas emociones con gran profundidad y sensibilidad, considerando a este segundo como el \u00faltimo de los cl\u00e1sicos, y el primero de los rom\u00e1nticos.<\/p><p>La pasi\u00f3n y el concepto de amor ligado a la muerte fueron temas recurrentes en la \u00faltima etapa de m\u00fasica cl\u00e1sica, especialmente en las \u00f3peras y sinfon\u00edas, dando lugar y camino al Romanticismo posterior.<\/p>\t\t\t\t\t\t\t\t<\/div>\n\t\t\t\t\t<\/div>\n\t\t\t\t<\/div>\n\t\t<div class=\"elementor-element elementor-element-45ad3a7 e-flex e-con-boxed e-con e-parent\" data-id=\"45ad3a7\" data-element_type=\"container\">\n\t\t\t\t\t<div class=\"e-con-inner\">\n\t\t\t\t<div class=\"elementor-element elementor-element-5ca83a5 elementor-widget elementor-widget-heading\" data-id=\"5ca83a5\" data-element_type=\"widget\" data-widget_type=\"heading.default\">\n\t\t\t\t\t<h3 class=\"elementor-heading-title elementor-size-default\">Cronolog\u00eda Hist\u00f3rica de la M\u00fasica Cl\u00e1sica<\/h3>\t\t\t\t<\/div>\n\t\t\t\t\t<\/div>\n\t\t\t\t<\/div>\n\t\t<div class=\"elementor-element elementor-element-64d02f6 e-flex e-con-boxed e-con e-parent\" data-id=\"64d02f6\" data-element_type=\"container\">\n\t\t\t\t\t<div class=\"e-con-inner\">\n\t\t\t\t<div class=\"elementor-element elementor-element-e9b3e80 elementor-widget elementor-widget-text-editor\" data-id=\"e9b3e80\" data-element_type=\"widget\" data-widget_type=\"text-editor.default\">\n\t\t\t\t\t\t\t\t\t<h5 data-sourcepos=\"27:1-27:35\"><strong>1750-1775: Clasicismo Temprano:<\/strong><\/h5><ul data-sourcepos=\"29:1-32:0\"><li data-sourcepos=\"29:1-29:69\"><strong>Instrumentos:<\/strong>\u00a0Piano, viol\u00edn, violonchelo, flauta, oboe, trompa.<\/li><li data-sourcepos=\"30:1-30:110\"><strong>Caracter\u00edsticas:<\/strong>\u00a0Influencia del Barroco tard\u00edo, formas musicales definidas, melod\u00edas claras y sencillas.<\/li><li data-sourcepos=\"31:1-32:0\"><strong>Compositores:<\/strong>\u00a0Carl Philipp Emanuel Bach, Johann Stamitz, Luigi Boccherini.<\/li><\/ul>\t\t\t\t\t\t\t\t<\/div>\n\t\t\t\t\t<\/div>\n\t\t\t\t<\/div>\n\t\t<div class=\"elementor-element elementor-element-9847452 e-flex e-con-boxed e-con e-parent\" data-id=\"9847452\" data-element_type=\"container\">\n\t\t\t\t\t<div class=\"e-con-inner\">\n\t\t\t\t<div class=\"elementor-element elementor-element-f3c8af1 elementor-widget elementor-widget-video\" data-id=\"f3c8af1\" data-element_type=\"widget\" data-settings=\"{&quot;youtube_url&quot;:&quot;https:\\\/\\\/www.youtube.com\\\/watch?v=e95dSGXvx-w&quot;,&quot;video_type&quot;:&quot;youtube&quot;,&quot;controls&quot;:&quot;yes&quot;}\" data-widget_type=\"video.default\">\n\t\t\t\t\t\t\t<div class=\"elementor-wrapper elementor-open-inline\">\n\t\t\t<div class=\"elementor-video\"><\/div>\t\t<\/div>\n\t\t\t\t\t\t<\/div>\n\t\t\t\t\t<\/div>\n\t\t\t\t<\/div>\n\t\t<div class=\"elementor-element elementor-element-4e2ce18 e-flex e-con-boxed e-con e-parent\" data-id=\"4e2ce18\" data-element_type=\"container\">\n\t\t\t\t\t<div class=\"e-con-inner\">\n\t\t\t\t<div class=\"elementor-element elementor-element-4343047 elementor-widget elementor-widget-text-editor\" data-id=\"4343047\" data-element_type=\"widget\" data-widget_type=\"text-editor.default\">\n\t\t\t\t\t\t\t\t\t<h5 data-sourcepos=\"33:1-33:32\"><strong>1775-1800: Clasicismo Medio:<\/strong><\/h5><ul data-sourcepos=\"35:1-40:0\"><li data-sourcepos=\"35:1-35:46\"><strong>Instrumentos:<\/strong>\u00a0Se incorpora el clarinete.<\/li><li data-sourcepos=\"36:1-36:50\"><strong>Nueva forma Sonata:<\/strong>\u00a0M\u00e1s compleja y virtuosa.<\/li><li data-sourcepos=\"37:1-37:55\"><strong>Armon\u00edas:<\/strong>\u00a0Mayor uso de disonancias y cromatismos.<\/li><li data-sourcepos=\"38:1-38:88\"><strong>Estilos y g\u00e9neros musicales:<\/strong>\u00a0\u00d3pera, sinfon\u00eda, concierto, sonata, m\u00fasica de c\u00e1mara.<\/li><li data-sourcepos=\"39:1-40:0\"><strong>Compositores:<\/strong>\u00a0<a href=\"https:\/\/es.wikipedia.org\/wiki\/Joseph_Haydn\" target=\"_blank\" rel=\"noopener\">Joseph Haydn<\/a>,\u00a0<a href=\"https:\/\/es.wikipedia.org\/wiki\/Wolfgang_Amadeus_Mozart\" target=\"_blank\" rel=\"noopener\">Wolfgang Amadeus Mozart<\/a>,\u00a0<a href=\"https:\/\/es.wikipedia.org\/wiki\/Luigi_Cherubini\" target=\"_blank\" rel=\"noopener\">Luigi Cherubini.<\/a><\/li><\/ul>\t\t\t\t\t\t\t\t<\/div>\n\t\t\t\t\t<\/div>\n\t\t\t\t<\/div>\n\t\t<div class=\"elementor-element elementor-element-be46946 e-flex e-con-boxed e-con e-parent\" data-id=\"be46946\" data-element_type=\"container\">\n\t\t\t\t\t<div class=\"e-con-inner\">\n\t\t\t\t<div class=\"elementor-element elementor-element-dd53bc8 elementor-widget elementor-widget-video\" data-id=\"dd53bc8\" data-element_type=\"widget\" data-settings=\"{&quot;youtube_url&quot;:&quot;https:\\\/\\\/www.youtube.com\\\/watch?v=uAa2IUeJiF0&quot;,&quot;start&quot;:6,&quot;video_type&quot;:&quot;youtube&quot;,&quot;controls&quot;:&quot;yes&quot;}\" data-widget_type=\"video.default\">\n\t\t\t\t\t\t\t<div class=\"elementor-wrapper elementor-open-inline\">\n\t\t\t<div class=\"elementor-video\"><\/div>\t\t<\/div>\n\t\t\t\t\t\t<\/div>\n\t\t\t\t\t<\/div>\n\t\t\t\t<\/div>\n\t\t<div class=\"elementor-element elementor-element-58e46f7 e-flex e-con-boxed e-con e-parent\" data-id=\"58e46f7\" data-element_type=\"container\">\n\t\t\t\t\t<div class=\"e-con-inner\">\n\t\t\t\t<div class=\"elementor-element elementor-element-c19b1b4 elementor-widget elementor-widget-text-editor\" data-id=\"c19b1b4\" data-element_type=\"widget\" data-widget_type=\"text-editor.default\">\n\t\t\t\t\t\t\t\t\t<h5 data-sourcepos=\"41:1-41:33\"><strong>1800-1820: Clasicismo Tard\u00edo:<\/strong><\/h5><ul data-sourcepos=\"43:1-46:0\"><li data-sourcepos=\"43:1-43:44\"><strong>Instrumentos:<\/strong>\u00a0Se incorpora el tromb\u00f3n.<\/li><li data-sourcepos=\"44:1-44:91\"><strong>Caracter\u00edsticas:<\/strong>\u00a0Mayor \u00e9nfasis en la expresi\u00f3n emocional, transici\u00f3n al Romanticismo.<\/li><li data-sourcepos=\"45:1-46:0\"><strong>Compositores:<\/strong>\u00a0<a href=\"https:\/\/es.wikipedia.org\/wiki\/Ludwig_van_Beethoven\" target=\"_blank\" rel=\"noopener\">Ludwig van Beethoven<\/a>,\u00a0<a href=\"https:\/\/es.wikipedia.org\/wiki\/Franz_Schubert\" target=\"_blank\" rel=\"noopener\">Franz Schubert<\/a>,\u00a0<a href=\"https:\/\/es.wikipedia.org\/wiki\/Gioachino_Rossini\" target=\"_blank\" rel=\"noopener\">Gioachino Rossini.<\/a><\/li><\/ul>\t\t\t\t\t\t\t\t<\/div>\n\t\t\t\t\t<\/div>\n\t\t\t\t<\/div>\n\t\t<div class=\"elementor-element elementor-element-df1de04 e-flex e-con-boxed e-con e-parent\" data-id=\"df1de04\" data-element_type=\"container\">\n\t\t\t\t\t<div class=\"e-con-inner\">\n\t\t\t\t<div class=\"elementor-element elementor-element-5344e16 elementor-widget elementor-widget-video\" data-id=\"5344e16\" data-element_type=\"widget\" data-settings=\"{&quot;youtube_url&quot;:&quot;https:\\\/\\\/www.youtube.com\\\/watch?v=VQjPZiACKZM&quot;,&quot;start&quot;:46,&quot;video_type&quot;:&quot;youtube&quot;,&quot;controls&quot;:&quot;yes&quot;}\" data-widget_type=\"video.default\">\n\t\t\t\t\t\t\t<div class=\"elementor-wrapper elementor-open-inline\">\n\t\t\t<div class=\"elementor-video\"><\/div>\t\t<\/div>\n\t\t\t\t\t\t<\/div>\n\t\t\t\t\t<\/div>\n\t\t\t\t<\/div>\n\t\t<div class=\"elementor-element elementor-element-fe00d95 e-grid e-con-boxed e-con e-parent\" data-id=\"fe00d95\" data-element_type=\"container\">\n\t\t\t\t\t<div class=\"e-con-inner\">\n\t\t\t\t<div class=\"elementor-element elementor-element-5a00f7a elementor-widget elementor-widget-spacer\" data-id=\"5a00f7a\" data-element_type=\"widget\" data-widget_type=\"spacer.default\">\n\t\t\t\t\t\t\t<div class=\"elementor-spacer\">\n\t\t\t<div class=\"elementor-spacer-inner\"><\/div>\n\t\t<\/div>\n\t\t\t\t\t\t<\/div>\n\t\t\t\t<div class=\"elementor-element elementor-element-9f42e26 elementor-widget elementor-widget-button\" data-id=\"9f42e26\" data-element_type=\"widget\" data-widget_type=\"button.default\">\n\t\t\t\t\t\t\t\t\t\t<a class=\"elementor-button elementor-button-link elementor-size-sm\" href=\"https:\/\/open.spotify.com\/playlist\/4yQd6a9K9fZdJZLIHGVUz9?si=ec2d58c389804a75\">\n\t\t\t\t\t\t<span class=\"elementor-button-content-wrapper\">\n\t\t\t\t\t\t\t\t\t<span class=\"elementor-button-text\">Escucha una Playlist de M\u00fasica Cl\u00e1sica en Spotify<\/span>\n\t\t\t\t\t<\/span>\n\t\t\t\t\t<\/a>\n\t\t\t\t\t\t\t\t<\/div>\n\t\t\t\t<div class=\"elementor-element elementor-element-c6fdd1f elementor-widget elementor-widget-spacer\" data-id=\"c6fdd1f\" data-element_type=\"widget\" data-widget_type=\"spacer.default\">\n\t\t\t\t\t\t\t<div class=\"elementor-spacer\">\n\t\t\t<div class=\"elementor-spacer-inner\"><\/div>\n\t\t<\/div>\n\t\t\t\t\t\t<\/div>\n\t\t\t\t\t<\/div>\n\t\t\t\t<\/div>\n\t\t<div class=\"elementor-element elementor-element-463aeaf e-flex e-con-boxed e-con e-parent\" data-id=\"463aeaf\" data-element_type=\"container\">\n\t\t\t\t\t<div class=\"e-con-inner\">\n\t\t\t\t<div class=\"elementor-element elementor-element-4dcad3d elementor-widget-divider--view-line elementor-widget elementor-widget-divider\" data-id=\"4dcad3d\" data-element_type=\"widget\" data-widget_type=\"divider.default\">\n\t\t\t\t\t\t\t<div class=\"elementor-divider\">\n\t\t\t<span class=\"elementor-divider-separator\">\n\t\t\t\t\t\t<\/span>\n\t\t<\/div>\n\t\t\t\t\t\t<\/div>\n\t\t\t\t\t<\/div>\n\t\t\t\t<\/div>\n\t\t<div class=\"elementor-element elementor-element-f36b0a9 e-flex e-con-boxed e-con e-parent\" data-id=\"f36b0a9\" data-element_type=\"container\">\n\t\t\t\t\t<div class=\"e-con-inner\">\n\t\t\t\t<div class=\"elementor-element elementor-element-aaa6615 elementor-widget elementor-widget-heading\" data-id=\"aaa6615\" data-element_type=\"widget\" data-widget_type=\"heading.default\">\n\t\t\t\t\t<h3 class=\"elementor-heading-title elementor-size-default\">G\u00e9neros y Formas Musicales del Clasicismo<\/h3>\t\t\t\t<\/div>\n\t\t\t\t\t<\/div>\n\t\t\t\t<\/div>\n\t\t<div class=\"elementor-element elementor-element-72c8822 e-flex e-con-boxed e-con e-parent\" data-id=\"72c8822\" data-element_type=\"container\">\n\t\t\t\t\t<div class=\"e-con-inner\">\n\t\t\t\t<div class=\"elementor-element elementor-element-e9ce926 elementor-widget elementor-widget-text-editor\" data-id=\"e9ce926\" data-element_type=\"widget\" data-widget_type=\"text-editor.default\">\n\t\t\t\t\t\t\t\t\t<p data-sourcepos=\"49:1-49:104\"><a style=\"font-family: var( --e-global-typography-text-font-family ), Sans-serif; font-weight: var( --e-global-typography-text-font-weight ); text-align: var(--text-align); font-size: 1rem;\" href=\"https:\/\/es.wikipedia.org\/wiki\/%C3%93pera\" target=\"_blank\" rel=\"noopener\">\u00d3pera:<\/a>\u00a0Drama musical con canto, recitativo y orquesta. G\u00e9neros oper\u00edsticos: \u00f3pera seria, \u00f3pera bufa.<\/p><p data-sourcepos=\"51:1-51:72\"><a style=\"font-family: var( --e-global-typography-text-font-family ), Sans-serif; font-weight: var( --e-global-typography-text-font-weight ); text-align: var(--text-align); font-size: 1rem;\" href=\"https:\/\/es.wikipedia.org\/wiki\/Sinfon%C3%ADa\" target=\"_blank\" rel=\"noopener\">Sinfon\u00eda:<\/a>\u00a0Obra musical para orquesta dividida en cuatro movimientos.<\/p><p data-sourcepos=\"53:1-53:67\"><a style=\"font-family: var( --e-global-typography-text-font-family ), Sans-serif; font-weight: var( --e-global-typography-text-font-weight ); text-align: var(--text-align); font-size: 1rem;\" href=\"https:\/\/es.wikipedia.org\/wiki\/Concierto\" target=\"_blank\" rel=\"noopener\">Concierto:<\/a>\u00a0Obra musical para un instrumento solista y orquesta.<\/p><p data-sourcepos=\"55:1-55:97\"><a style=\"font-family: var( --e-global-typography-text-font-family ), Sans-serif; font-weight: var( --e-global-typography-text-font-weight ); text-align: var(--text-align); font-size: 1rem;\" href=\"https:\/\/es.wikipedia.org\/wiki\/Sonata\" target=\"_blank\" rel=\"noopener\">Sonata:<\/a>\u00a0Obra musical para uno o dos instrumentos con estructura en tres o cuatro movimientos.<\/p><p data-sourcepos=\"57:1-57:77\"><a style=\"font-family: var( --e-global-typography-text-font-family ), Sans-serif; font-weight: var( --e-global-typography-text-font-weight ); text-align: var(--text-align); font-size: 1rem;\" href=\"https:\/\/es.wikipedia.org\/wiki\/M%C3%BAsica_de_c%C3%A1mara\" target=\"_blank\" rel=\"noopener\">M\u00fasica de c\u00e1mara:<\/a>\u00a0Obras musicales para peque\u00f1os conjuntos instrumentales.<\/p>\t\t\t\t\t\t\t\t<\/div>\n\t\t\t\t<div class=\"elementor-element elementor-element-7460cdd elementor-widget-divider--view-line elementor-widget elementor-widget-divider\" data-id=\"7460cdd\" data-element_type=\"widget\" data-widget_type=\"divider.default\">\n\t\t\t\t\t\t\t<div class=\"elementor-divider\">\n\t\t\t<span class=\"elementor-divider-separator\">\n\t\t\t\t\t\t<\/span>\n\t\t<\/div>\n\t\t\t\t\t\t<\/div>\n\t\t\t\t\t<\/div>\n\t\t\t\t<\/div>\n\t\t<div class=\"elementor-element elementor-element-f75c904 e-flex e-con-boxed e-con e-parent\" data-id=\"f75c904\" data-element_type=\"container\">\n\t\t\t\t\t<div class=\"e-con-inner\">\n\t\t\t\t<div class=\"elementor-element elementor-element-fb031c6 elementor-widget elementor-widget-heading\" data-id=\"fb031c6\" data-element_type=\"widget\" data-widget_type=\"heading.default\">\n\t\t\t\t\t<h2 class=\"elementor-heading-title elementor-size-default\">Conclusiones sobre la M\u00fasica Cl\u00e1sica<\/h2>\t\t\t\t<\/div>\n\t\t\t\t\t<\/div>\n\t\t\t\t<\/div>\n\t\t<div class=\"elementor-element elementor-element-0c3dc61 e-flex e-con-boxed e-con e-parent\" data-id=\"0c3dc61\" data-element_type=\"container\">\n\t\t\t\t\t<div class=\"e-con-inner\">\n\t\t\t\t<div class=\"elementor-element elementor-element-d0a2c44 elementor-widget elementor-widget-text-editor\" data-id=\"d0a2c44\" data-element_type=\"widget\" data-widget_type=\"text-editor.default\">\n\t\t\t\t\t\t\t\t\t<p>La m\u00fasica cl\u00e1sica, con su belleza atemporal, su rigor formal y su capacidad para expresar emociones profundas, ha dejado un legado inigualable en la historia de la m\u00fasica occidental. Compositores como Mozart, Beethoven y Haydn crearon obras maestras que siguen cautivando a audiencias de todo el mundo.<\/p>\t\t\t\t\t\t\t\t<\/div>\n\t\t\t\t\t<\/div>\n\t\t\t\t<\/div>\n\t\t<div class=\"elementor-element elementor-element-646ae4c e-flex e-con-boxed e-con e-parent\" data-id=\"646ae4c\" data-element_type=\"container\">\n\t\t\t\t\t<div class=\"e-con-inner\">\n\t\t\t\t<div class=\"elementor-element elementor-element-b6c4420 elementor-widget elementor-widget-image\" data-id=\"b6c4420\" data-element_type=\"widget\" data-widget_type=\"image.default\">\n\t\t\t\t\t\t\t\t\t\t\t\t\t\t\t<img decoding=\"async\" width=\"1024\" height=\"683\" src=\"https:\/\/sermusicos.com\/wp-content\/uploads\/2024\/04\/pexels-pixabay-210764-1.jpg\" class=\"attachment-large size-large wp-image-1904\" alt=\"m\u00fasica cl\u00e1sica\" \/>\t\t\t\t\t\t\t\t\t\t\t\t\t\t\t<\/div>\n\t\t\t\t\t<\/div>\n\t\t\t\t<\/div>\n\t\t<div class=\"elementor-element elementor-element-6ecc586 e-flex e-con-boxed e-con e-parent\" data-id=\"6ecc586\" data-element_type=\"container\">\n\t\t\t\t\t<div class=\"e-con-inner\">\n\t\t\t\t<div class=\"elementor-element elementor-element-a663004 elementor-widget elementor-widget-text-editor\" data-id=\"a663004\" data-element_type=\"widget\" data-widget_type=\"text-editor.default\">\n\t\t\t\t\t\t\t\t\t<p>El Clasicismo dio paso al Romanticismo a principios del siglo XIX, un per\u00edodo que se caracteriz\u00f3 por su \u00e9nfasis en la expresi\u00f3n individual y la subjetividad. Sin embargo, la m\u00fasica cl\u00e1sica contin\u00faa siendo una fuente de inspiraci\u00f3n y disfrute para millones de personas, y su influencia se puede apreciar en diversos g\u00e9neros musicales, desde el\u00a0<a href=\"https:\/\/sermusicos.com\/index.php\/category\/generos\/jazz\/\" target=\"_blank\" rel=\"noopener\">jazz<\/a>\u00a0hasta el\u00a0<a href=\"https:\/\/sermusicos.com\/index.php\/category\/generos\/rock\/\" target=\"_blank\" rel=\"noopener\">rock<\/a>.<\/p>\t\t\t\t\t\t\t\t<\/div>\n\t\t\t\t\t<\/div>\n\t\t\t\t<\/div>\n\t\t<div class=\"elementor-element elementor-element-fa2cc47 e-flex e-con-boxed e-con e-parent\" data-id=\"fa2cc47\" data-element_type=\"container\">\n\t\t\t\t\t<div class=\"e-con-inner\">\n\t\t\t\t<div class=\"elementor-element elementor-element-8e6ea98 elementor-widget elementor-widget-heading\" data-id=\"8e6ea98\" data-element_type=\"widget\" data-widget_type=\"heading.default\">\n\t\t\t\t\t<h3 class=\"elementor-heading-title elementor-size-default\">Recursos musicales de la \u00e9poca que se usan hoy en d\u00eda:<\/h3>\t\t\t\t<\/div>\n\t\t\t\t\t<\/div>\n\t\t\t\t<\/div>\n\t\t<div class=\"elementor-element elementor-element-15ff87d e-flex e-con-boxed e-con e-parent\" data-id=\"15ff87d\" data-element_type=\"container\">\n\t\t\t\t\t<div class=\"e-con-inner\">\n\t\t\t\t<div class=\"elementor-element elementor-element-3fb6a6b elementor-widget elementor-widget-text-editor\" data-id=\"3fb6a6b\" data-element_type=\"widget\" data-widget_type=\"text-editor.default\">\n\t\t\t\t\t\t\t\t\t<ul data-sourcepos=\"67:1-73:7\"><li data-sourcepos=\"67:1-68:0\"><p data-sourcepos=\"67:3-67:114\"><strong>\u00d3peras:<\/strong> Las obras de Mozart, Verdi y Puccini siguen interpret\u00e1ndose en los principales escenarios del mundo.<\/p><\/li><li data-sourcepos=\"69:1-70:0\"><p data-sourcepos=\"69:3-69:128\"><strong>Sinfon\u00edas:<\/strong> Las sinfon\u00edas de Beethoven, Brahms y Tchaikovsky son interpretadas regularmente por orquestas de todo el mundo.<\/p><\/li><li data-sourcepos=\"71:1-72:0\"><p data-sourcepos=\"71:3-71:146\"><strong>Conciertos:<\/strong> Los conciertos para viol\u00edn de Mozart, Beethoven y Mendelssohn siguen siendo obras populares en el repertorio de los violinistas.<\/p><\/li><li data-sourcepos=\"71:1-72:0\"><p data-sourcepos=\"71:3-71:146\"><strong>Sonatas:<\/strong> Las sonatas para piano de Mozart, Beethoven y Schubert son consideradas obras maestras del repertorio pian\u00edstico.<\/p><\/li><li data-sourcepos=\"71:1-72:0\"><p data-sourcepos=\"71:3-71:146\"><strong>M\u00fasica de c\u00e1mara:<\/strong> Las obras de c\u00e1mara de Mozart, Haydn y Beethoven siguen siendo interpretadas por conjuntos de c\u00e1mara de todo el mundo.<\/p><\/li><\/ul>\t\t\t\t\t\t\t\t<\/div>\n\t\t\t\t\t<\/div>\n\t\t\t\t<\/div>\n\t\t<div class=\"elementor-element elementor-element-55a36ec e-grid e-con-boxed e-con e-parent\" data-id=\"55a36ec\" data-element_type=\"container\">\n\t\t\t\t\t<div class=\"e-con-inner\">\n\t\t\t\t<div class=\"elementor-element elementor-element-95f8280 elementor-widget elementor-widget-button\" data-id=\"95f8280\" data-element_type=\"widget\" data-widget_type=\"button.default\">\n\t\t\t\t\t\t\t\t\t\t<a class=\"elementor-button elementor-button-link elementor-size-sm\" href=\"https:\/\/imslp.org\/\">\n\t\t\t\t\t\t<span class=\"elementor-button-content-wrapper\">\n\t\t\t\t\t\t\t\t\t<span class=\"elementor-button-text\">Descarga Partituras de M\u00fasica Cl\u00e1sica de manera Gratuita<\/span>\n\t\t\t\t\t<\/span>\n\t\t\t\t\t<\/a>\n\t\t\t\t\t\t\t\t<\/div>\n\t\t\t\t\t<\/div>\n\t\t\t\t<\/div>\n\t\t<div class=\"elementor-element elementor-element-b2834a6 e-flex e-con-boxed e-con e-parent\" data-id=\"b2834a6\" data-element_type=\"container\">\n\t\t\t\t\t<div class=\"e-con-inner\">\n\t\t\t\t<div class=\"elementor-element elementor-element-ea499c9 elementor-widget elementor-widget-text-editor\" data-id=\"ea499c9\" data-element_type=\"widget\" data-widget_type=\"text-editor.default\">\n\t\t\t\t\t\t\t\t\t<h5>La m\u00fasica cl\u00e1sica es un tesoro cultural que nos conecta con el pasado y nos enriquece en el presente. Su legado perdura a trav\u00e9s de las interpretaciones de grandes m\u00fasicos, las grabaciones discogr\u00e1ficas y la educaci\u00f3n musical. Es importante preservar y difundir este patrimonio cultural para que las futuras generaciones puedan disfrutar de la belleza y la emoci\u00f3n que la m\u00fasica cl\u00e1sica tiene para ofrecer.<\/h5>\t\t\t\t\t\t\t\t<\/div>\n\t\t\t\t\t<\/div>\n\t\t\t\t<\/div>\n\t\t<div class=\"elementor-element elementor-element-76faf39 e-flex e-con-boxed e-con e-parent\" data-id=\"76faf39\" data-element_type=\"container\">\n\t\t\t\t\t<div class=\"e-con-inner\">\n\t\t\t\t<div class=\"elementor-element elementor-element-9444a76 elementor-widget elementor-widget-spacer\" data-id=\"9444a76\" data-element_type=\"widget\" data-widget_type=\"spacer.default\">\n\t\t\t\t\t\t\t<div class=\"elementor-spacer\">\n\t\t\t<div class=\"elementor-spacer-inner\"><\/div>\n\t\t<\/div>\n\t\t\t\t\t\t<\/div>\n\t\t\t\t\t<\/div>\n\t\t\t\t<\/div>\n\t\t<div class=\"elementor-element elementor-element-6a5b1b8 e-flex e-con-boxed e-con e-parent\" data-id=\"6a5b1b8\" data-element_type=\"container\">\n\t\t\t\t\t<div class=\"e-con-inner\">\n\t\t\t\t<div class=\"elementor-element elementor-element-4f13d3f section-title-style-default meta-visibility-show title_position_default title_hover_border_default title-default img_hover_animation_default meta_position_default tpg-category-position-default readmore-btn-default-style grid-hover-overlay-type-always tpg-el-box-border-enable tpg-border-bottom-disable elementor-widget elementor-widget-tpg-list-layout\" data-id=\"4f13d3f\" data-element_type=\"widget\" data-widget_type=\"tpg-list-layout.default\">\n\t\t\t\t<div class=\"elementor-widget-container\">\n\t\t\t\t\t\n        <div class=\"rt-container-fluid rt-tpg-container tpg-el-main-wrapper list-layout1-main \"\n             data-sc-id=\"elementor\"\n             id=\"rt-tpg-container-493607323\"\n             data-layout=\"list-layout1\"\n             data-grid-style=\"tpg-even\"\n             data-el-settings=''\n             data-el-query=''\n             data-el-path=''\n        >\n\t\t\t            <div class='tpg-header-wrapper '>\n\t\t\t\t\n        <div class=\"tpg-widget-heading-wrapper rt-clear heading-default \">\n            <span class=\"tpg-widget-heading-line line-left\"><\/span>\n\t\t\t<h2 class='tpg-widget-heading'>\n\t\t\t\n\t\t\t\t                    <span>\n\t\t\t\t\t\tSigue Aprendiendo\t\t\t\t\t<\/span>\n\t\t\t\t\t\n\t\t\t\t\t\t\t<\/h2>            <span class=\"tpg-widget-heading-line line-right\"><\/span>\n\n\t\t\t\n        <\/div>\n\n\t\t\n\t\t            <\/div>\n\n            <div data-title=\"Loading ...\" class=\"rt-row rt-content-loader list-layout1 tpg-even list-behaviour list-layout-wrapper\">\n\t\t\t\t\n<div class=\"rt-col-md-12 rt-col-sm-12 rt-col-xs-12 default rt-list-item rt-grid-item\" data-id=\"2960\">\n\t<div class=\"rt-holder tpg-post-holder\">\n\t\t<div class=\"rt-detail rt-el-content-wrapper\">\n\t\t\t\t\t\t\t<div class=\"rt-img-holder tpg-el-image-wrap has-thumbnail\">\n\t\t\t\t\t<a data-id=\"2960\" href=\"https:\/\/sermusicos.com\/index.php\/2025\/05\/16\/zeke-wilki-el-arte-como-acto-de-rebelion-real\/\" class=\"tpg-post-link\" target=\"_self\">                        <img decoding=\"async\" src=\"https:\/\/sermusicos.com\/wp-content\/uploads\/2025\/05\/DSC09303-scaled-e1747412131679-768x513.jpeg\"\n                             class=\"rt-img-responsive\"\n                             width=\"768\"\n                             height=\"513\"\n                             alt=\"Zeke Wilki en Gier Music\">\n\t\t\t\t\t\t\n\t\t\t\t\t\t\t\n\t\t<\/a>\n\t\t        <div class=\"overlay grid-hover-content\"><\/div>\n\t\t\t\t\t\t<\/div>\n\t\t\t\n\t\t\t<div class=\"post-right-content\">\n\t\t\t\t<div class=\"entry-title-wrapper\"><h3 class=\"entry-title\"><a data-id=\"2960\" href=\"https:\/\/sermusicos.com\/index.php\/2025\/05\/16\/zeke-wilki-el-arte-como-acto-de-rebelion-real\/\" class=\"tpg-post-link\" target=\"_self\">Zeke Wilki: el arte como acto de rebeli\u00f3n real<\/a><\/h3><\/div>\n\t\t\t\t\t\t\t\t\t<div class=\"post-meta-tags rt-el-post-meta\">\n\t\t\t\t\t\t            <span class='categories-links'>\n\t\t\t\t<i class='fas fa-folder-open '><\/i><a class=\"artistas-emergentes\" href=\"https:\/\/sermusicos.com\/index.php\/category\/artistas-emergentes\/\">Artistas Emergentes<\/a>\n\t\t\t<\/span>\n\t\t\t\t\t\t\t\t<\/div>\n\t\t\t\t\n\t\t\t\t\t\t\t\t\t<div class=\"tpg-excerpt tpg-el-excerpt\">\n\t\t\t\t\t\t\t\t\t\t\t\t\t<div class=\"tpg-excerpt-inner\">\n\t\t\t\t\t\t\t\tZeke confiesa: \u201cMe fui de viaje sin saber tocar la guitarra. Volv\u00ed con un fuego adentro que no se...\t\t\t\t\t\t\t<\/div>\n\t\t\t\t\t\t\t\t\t\t\t\t\t\t\t\t\t<\/div>\n\t\t\t\t\n\t\t\t\t        <div class=\"post-footer\">\n            <div class=\"post-footer\">\n                <div class=\"read-more\">\n\t\t\t\t\t<a data-id=\"2960\" href=\"https:\/\/sermusicos.com\/index.php\/2025\/05\/16\/zeke-wilki-el-arte-como-acto-de-rebelion-real\/\" class=\"tpg-post-link\" target=\"_self\">Leer m\u00e1s<\/a>                <\/div>\n            <\/div>\n        <\/div>\n\t\t\t\t\t<\/div>\n\t\t<\/div>\n\t<\/div>\n<\/div>\n\n<div class=\"rt-col-md-12 rt-col-sm-12 rt-col-xs-12 default rt-list-item rt-grid-item\" data-id=\"2802\">\n\t<div class=\"rt-holder tpg-post-holder\">\n\t\t<div class=\"rt-detail rt-el-content-wrapper\">\n\t\t\t\t\t\t\t<div class=\"rt-img-holder tpg-el-image-wrap has-thumbnail\">\n\t\t\t\t\t<a data-id=\"2802\" href=\"https:\/\/sermusicos.com\/index.php\/2025\/05\/01\/pazzmusica\/\" class=\"tpg-post-link\" target=\"_self\">                        <img loading=\"lazy\" decoding=\"async\" src=\"https:\/\/sermusicos.com\/wp-content\/uploads\/2025\/05\/Pazz-en-vivo.jpg.png\"\n                             class=\"rt-img-responsive\"\n                             width=\"1\"\n                             height=\"1\"\n                             alt=\"Pazz en vivo en Makena Buenos Aires\">\n\t\t\t\t\t\t\n\t\t\t\t\t\t\t\n\t\t<\/a>\n\t\t        <div class=\"overlay grid-hover-content\"><\/div>\n\t\t\t\t\t\t<\/div>\n\t\t\t\n\t\t\t<div class=\"post-right-content\">\n\t\t\t\t<div class=\"entry-title-wrapper\"><h3 class=\"entry-title\"><a data-id=\"2802\" href=\"https:\/\/sermusicos.com\/index.php\/2025\/05\/01\/pazzmusica\/\" class=\"tpg-post-link\" target=\"_self\">Viaje musical de Pazz: Migrar, tocar y sanar<\/a><\/h3><\/div>\n\t\t\t\t\t\t\t\t\t<div class=\"post-meta-tags rt-el-post-meta\">\n\t\t\t\t\t\t            <span class='categories-links'>\n\t\t\t\t<i class='fas fa-folder-open '><\/i><a class=\"artistas-emergentes\" href=\"https:\/\/sermusicos.com\/index.php\/category\/artistas-emergentes\/\">Artistas Emergentes<\/a>\n\t\t\t<\/span>\n\t\t\t\t\t\t\t\t<\/div>\n\t\t\t\t\n\t\t\t\t\t\t\t\t\t<div class=\"tpg-excerpt tpg-el-excerpt\">\n\t\t\t\t\t\t\t\t\t\t\t\t\t<div class=\"tpg-excerpt-inner\">\n\t\t\t\t\t\t\t\tPazz nos cuenta: &#8220;Compongo por esa necesidad de expresar y gestionar lo que sucede con esta...\t\t\t\t\t\t\t<\/div>\n\t\t\t\t\t\t\t\t\t\t\t\t\t\t\t\t\t<\/div>\n\t\t\t\t\n\t\t\t\t        <div class=\"post-footer\">\n            <div class=\"post-footer\">\n                <div class=\"read-more\">\n\t\t\t\t\t<a data-id=\"2802\" href=\"https:\/\/sermusicos.com\/index.php\/2025\/05\/01\/pazzmusica\/\" class=\"tpg-post-link\" target=\"_self\">Leer m\u00e1s<\/a>                <\/div>\n            <\/div>\n        <\/div>\n\t\t\t\t\t<\/div>\n\t\t<\/div>\n\t<\/div>\n<\/div>\n\n<div class=\"rt-col-md-12 rt-col-sm-12 rt-col-xs-12 default rt-list-item rt-grid-item\" data-id=\"2777\">\n\t<div class=\"rt-holder tpg-post-holder\">\n\t\t<div class=\"rt-detail rt-el-content-wrapper\">\n\t\t\t\t\t\t\t<div class=\"rt-img-holder tpg-el-image-wrap has-thumbnail\">\n\t\t\t\t\t<a data-id=\"2777\" href=\"https:\/\/sermusicos.com\/index.php\/2024\/07\/16\/matchfy-catapulta-tu-carrera-en-playlists-top\/\" class=\"tpg-post-link\" target=\"_self\">                        <img loading=\"lazy\" decoding=\"async\" src=\"https:\/\/sermusicos.com\/wp-content\/uploads\/2024\/07\/WhatsApp-Image-2024-07-16-at-19.35.55.jpeg\"\n                             class=\"rt-img-responsive\"\n                             width=\"768\"\n                             height=\"372\"\n                             alt=\"matchfy\">\n\t\t\t\t\t\t\n\t\t\t\t\t\t\t\n\t\t<\/a>\n\t\t        <div class=\"overlay grid-hover-content\"><\/div>\n\t\t\t\t\t\t<\/div>\n\t\t\t\n\t\t\t<div class=\"post-right-content\">\n\t\t\t\t<div class=\"entry-title-wrapper\"><h3 class=\"entry-title\"><a data-id=\"2777\" href=\"https:\/\/sermusicos.com\/index.php\/2024\/07\/16\/matchfy-catapulta-tu-carrera-en-playlists-top\/\" class=\"tpg-post-link\" target=\"_self\">Matchfy: Catapulta tu carrera en playlists top<\/a><\/h3><\/div>\n\t\t\t\t\t\t\t\t\t<div class=\"post-meta-tags rt-el-post-meta\">\n\t\t\t\t\t\t            <span class='categories-links'>\n\t\t\t\t<i class='fas fa-folder-open '><\/i><a class=\"disdigital\" href=\"https:\/\/sermusicos.com\/index.php\/category\/negocio\/disdigital\/\">Distribuci\u00f3n M\u00fasica<\/a><span class=\"rt-separator\">,<\/span><a class=\"marketing\" href=\"https:\/\/sermusicos.com\/index.php\/category\/negocio\/marketing\/\">Marketing Artistas<\/a>\n\t\t\t<\/span>\n\t\t\t\t\t\t\t\t<\/div>\n\t\t\t\t\n\t\t\t\t\t\t\t\t\t<div class=\"tpg-excerpt tpg-el-excerpt\">\n\t\t\t\t\t\t\t\t\t\t\t\t\t<div class=\"tpg-excerpt-inner\">\n\t\t\t\t\t\t\t\tMatchfy: Tu m\u00fasica en las mejores playlists. Promociona tu m\u00fasica, aumenta tus reproducciones...\t\t\t\t\t\t\t<\/div>\n\t\t\t\t\t\t\t\t\t\t\t\t\t\t\t\t\t<\/div>\n\t\t\t\t\n\t\t\t\t        <div class=\"post-footer\">\n            <div class=\"post-footer\">\n                <div class=\"read-more\">\n\t\t\t\t\t<a data-id=\"2777\" href=\"https:\/\/sermusicos.com\/index.php\/2024\/07\/16\/matchfy-catapulta-tu-carrera-en-playlists-top\/\" class=\"tpg-post-link\" target=\"_self\">Leer m\u00e1s<\/a>                <\/div>\n            <\/div>\n        <\/div>\n\t\t\t\t\t<\/div>\n\t\t<\/div>\n\t<\/div>\n<\/div>\n\n<div class=\"rt-col-md-12 rt-col-sm-12 rt-col-xs-12 default rt-list-item rt-grid-item\" data-id=\"2722\">\n\t<div class=\"rt-holder tpg-post-holder\">\n\t\t<div class=\"rt-detail rt-el-content-wrapper\">\n\t\t\t\t\t\t\t<div class=\"rt-img-holder tpg-el-image-wrap has-thumbnail\">\n\t\t\t\t\t<a data-id=\"2722\" href=\"https:\/\/sermusicos.com\/index.php\/2024\/06\/27\/jazz-la-improvisacion-al-torbellino-emocional\/\" class=\"tpg-post-link\" target=\"_self\">                        <img loading=\"lazy\" decoding=\"async\" src=\"https:\/\/sermusicos.com\/wp-content\/uploads\/2024\/06\/Reggae-y-Jazz.png\"\n                             class=\"rt-img-responsive\"\n                             width=\"768\"\n                             height=\"512\"\n                             alt=\"Jazz\">\n\t\t\t\t\t\t\n\t\t\t\t\t\t\t\n\t\t<\/a>\n\t\t        <div class=\"overlay grid-hover-content\"><\/div>\n\t\t\t\t\t\t<\/div>\n\t\t\t\n\t\t\t<div class=\"post-right-content\">\n\t\t\t\t<div class=\"entry-title-wrapper\"><h3 class=\"entry-title\"><a data-id=\"2722\" href=\"https:\/\/sermusicos.com\/index.php\/2024\/06\/27\/jazz-la-improvisacion-al-torbellino-emocional\/\" class=\"tpg-post-link\" target=\"_self\">Jazz: La improvisaci\u00f3n al torbellino emocional<\/a><\/h3><\/div>\n\t\t\t\t\t\t\t\t\t<div class=\"post-meta-tags rt-el-post-meta\">\n\t\t\t\t\t\t            <span class='categories-links'>\n\t\t\t\t<i class='fas fa-folder-open '><\/i><a class=\"jazz\" href=\"https:\/\/sermusicos.com\/index.php\/category\/generos\/jazz\/\">M\u00fasica Jazz<\/a>\n\t\t\t<\/span>\n\t\t\t\t\t\t\t\t<\/div>\n\t\t\t\t\n\t\t\t\t\t\t\t\t\t<div class=\"tpg-excerpt tpg-el-excerpt\">\n\t\t\t\t\t\t\t\t\t\t\t\t\t<div class=\"tpg-excerpt-inner\">\n\t\t\t\t\t\t\t\tJazz: Su historia y subg\u00e9neros, conoce a sus artistas legendarios. D\u00e9jate llevar por la...\t\t\t\t\t\t\t<\/div>\n\t\t\t\t\t\t\t\t\t\t\t\t\t\t\t\t\t<\/div>\n\t\t\t\t\n\t\t\t\t        <div class=\"post-footer\">\n            <div class=\"post-footer\">\n                <div class=\"read-more\">\n\t\t\t\t\t<a data-id=\"2722\" href=\"https:\/\/sermusicos.com\/index.php\/2024\/06\/27\/jazz-la-improvisacion-al-torbellino-emocional\/\" class=\"tpg-post-link\" target=\"_self\">Leer m\u00e1s<\/a>                <\/div>\n            <\/div>\n        <\/div>\n\t\t\t\t\t<\/div>\n\t\t<\/div>\n\t<\/div>\n<\/div>\n\n<div class=\"rt-col-md-12 rt-col-sm-12 rt-col-xs-12 default rt-list-item rt-grid-item\" data-id=\"2690\">\n\t<div class=\"rt-holder tpg-post-holder\">\n\t\t<div class=\"rt-detail rt-el-content-wrapper\">\n\t\t\t\t\t\t\t<div class=\"rt-img-holder tpg-el-image-wrap has-thumbnail\">\n\t\t\t\t\t<a data-id=\"2690\" href=\"https:\/\/sermusicos.com\/index.php\/2024\/06\/27\/poder-del-reggae-raices-evolucion-e-impacto\/\" class=\"tpg-post-link\" target=\"_self\">                        <img loading=\"lazy\" decoding=\"async\" src=\"https:\/\/sermusicos.com\/wp-content\/uploads\/2024\/06\/Reggae.png\"\n                             class=\"rt-img-responsive\"\n                             width=\"768\"\n                             height=\"512\"\n                             alt=\"Reggae\">\n\t\t\t\t\t\t\n\t\t\t\t\t\t\t\n\t\t<\/a>\n\t\t        <div class=\"overlay grid-hover-content\"><\/div>\n\t\t\t\t\t\t<\/div>\n\t\t\t\n\t\t\t<div class=\"post-right-content\">\n\t\t\t\t<div class=\"entry-title-wrapper\"><h3 class=\"entry-title\"><a data-id=\"2690\" href=\"https:\/\/sermusicos.com\/index.php\/2024\/06\/27\/poder-del-reggae-raices-evolucion-e-impacto\/\" class=\"tpg-post-link\" target=\"_self\">Poder del Reggae: Ra\u00edces, evoluci\u00f3n e impacto<\/a><\/h3><\/div>\n\t\t\t\t\t\t\t\t\t<div class=\"post-meta-tags rt-el-post-meta\">\n\t\t\t\t\t\t            <span class='categories-links'>\n\t\t\t\t<i class='fas fa-folder-open '><\/i><a class=\"reggae\" href=\"https:\/\/sermusicos.com\/index.php\/category\/generos\/reggae\/\">Reggae y Subg\u00e9neros<\/a>\n\t\t\t<\/span>\n\t\t\t\t\t\t\t\t<\/div>\n\t\t\t\t\n\t\t\t\t\t\t\t\t\t<div class=\"tpg-excerpt tpg-el-excerpt\">\n\t\t\t\t\t\t\t\t\t\t\t\t\t<div class=\"tpg-excerpt-inner\">\n\t\t\t\t\t\t\t\tDescubre el fascinante mundo del Reggae: su historia, subg\u00e9neros, artistas m\u00e1s destacados e impacto...\t\t\t\t\t\t\t<\/div>\n\t\t\t\t\t\t\t\t\t\t\t\t\t\t\t\t\t<\/div>\n\t\t\t\t\n\t\t\t\t        <div class=\"post-footer\">\n            <div class=\"post-footer\">\n                <div class=\"read-more\">\n\t\t\t\t\t<a data-id=\"2690\" href=\"https:\/\/sermusicos.com\/index.php\/2024\/06\/27\/poder-del-reggae-raices-evolucion-e-impacto\/\" class=\"tpg-post-link\" target=\"_self\">Leer m\u00e1s<\/a>                <\/div>\n            <\/div>\n        <\/div>\n\t\t\t\t\t<\/div>\n\t\t<\/div>\n\t<\/div>\n<\/div>\n            <\/div>\n\n\t\t\t\n        <\/div>\n\t\t\t\t\t\t<\/div>\n\t\t\t\t<\/div>\n\t\t\t\t\t<\/div>\n\t\t\t\t<\/div>\n\t\t\t\t<\/div>\n\t\t","protected":false},"excerpt":{"rendered":"<p>Ad\u00e9ntrate en el mundo de la m\u00fasica cl\u00e1sica, donde melod\u00edas elegantes, estructuras precisas y compositores genios dieron vida a un per\u00edodo de esplendor musical. <\/p>\n","protected":false},"author":1,"featured_media":1878,"comment_status":"closed","ping_status":"closed","sticky":false,"template":"","format":"standard","meta":{"om_disable_all_campaigns":false,"_monsterinsights_skip_tracking":false,"_monsterinsights_sitenote_active":false,"_monsterinsights_sitenote_note":"","_monsterinsights_sitenote_category":0,"_uf_show_specific_survey":0,"_uf_disable_surveys":false,"site-sidebar-layout":"default","site-content-layout":"","ast-site-content-layout":"","site-content-style":"default","site-sidebar-style":"default","ast-global-header-display":"","ast-banner-title-visibility":"","ast-main-header-display":"","ast-hfb-above-header-display":"","ast-hfb-below-header-display":"","ast-hfb-mobile-header-display":"","site-post-title":"","ast-breadcrumbs-content":"","ast-featured-img":"","footer-sml-layout":"","theme-transparent-header-meta":"","adv-header-id-meta":"","stick-header-meta":"","header-above-stick-meta":"","header-main-stick-meta":"","header-below-stick-meta":"","astra-migrate-meta-layouts":"default","ast-page-background-enabled":"default","ast-page-background-meta":{"desktop":{"background-color":"var(--ast-global-color-4)","background-image":"","background-repeat":"repeat","background-position":"center center","background-size":"auto","background-attachment":"scroll","background-type":"","background-media":"","overlay-type":"","overlay-color":"","overlay-gradient":""},"tablet":{"background-color":"","background-image":"","background-repeat":"repeat","background-position":"center center","background-size":"auto","background-attachment":"scroll","background-type":"","background-media":"","overlay-type":"","overlay-color":"","overlay-gradient":""},"mobile":{"background-color":"","background-image":"","background-repeat":"repeat","background-position":"center center","background-size":"auto","background-attachment":"scroll","background-type":"","background-media":"","overlay-type":"","overlay-color":"","overlay-gradient":""}},"ast-content-background-meta":{"desktop":{"background-color":"var(--ast-global-color-5)","background-image":"","background-repeat":"repeat","background-position":"center center","background-size":"auto","background-attachment":"scroll","background-type":"","background-media":"","overlay-type":"","overlay-color":"","overlay-gradient":""},"tablet":{"background-color":"var(--ast-global-color-5)","background-image":"","background-repeat":"repeat","background-position":"center center","background-size":"auto","background-attachment":"scroll","background-type":"","background-media":"","overlay-type":"","overlay-color":"","overlay-gradient":""},"mobile":{"background-color":"var(--ast-global-color-5)","background-image":"","background-repeat":"repeat","background-position":"center center","background-size":"auto","background-attachment":"scroll","background-type":"","background-media":"","overlay-type":"","overlay-color":"","overlay-gradient":""}},"footnotes":""},"categories":[36],"tags":[],"class_list":["post-1876","post","type-post","status-publish","format-standard","has-post-thumbnail","hentry","category-clasica"],"aioseo_notices":[],"jetpack_featured_media_url":"https:\/\/sermusicos.com\/wp-content\/uploads\/2024\/04\/Diseno-sin-titulo-1.png","rttpg_featured_image_url":{"full":["https:\/\/sermusicos.com\/wp-content\/uploads\/2024\/04\/Diseno-sin-titulo-1.png",800,800,false],"landscape":["https:\/\/sermusicos.com\/wp-content\/uploads\/2024\/04\/Diseno-sin-titulo-1.png",800,800,false],"portraits":["https:\/\/sermusicos.com\/wp-content\/uploads\/2024\/04\/Diseno-sin-titulo-1.png",800,800,false],"thumbnail":["https:\/\/sermusicos.com\/wp-content\/uploads\/2024\/04\/Diseno-sin-titulo-1.png",150,150,false],"medium":["https:\/\/sermusicos.com\/wp-content\/uploads\/2024\/04\/Diseno-sin-titulo-1.png",300,300,false],"large":["https:\/\/sermusicos.com\/wp-content\/uploads\/2024\/04\/Diseno-sin-titulo-1.png",800,800,false],"1536x1536":["https:\/\/sermusicos.com\/wp-content\/uploads\/2024\/04\/Diseno-sin-titulo-1.png",800,800,false],"2048x2048":["https:\/\/sermusicos.com\/wp-content\/uploads\/2024\/04\/Diseno-sin-titulo-1.png",800,800,false]},"rttpg_author":{"display_name":"Rodrigo Granzella","author_link":"https:\/\/sermusicos.com\/index.php\/author\/sermusicos-com\/"},"rttpg_comment":0,"rttpg_category":"<a href=\"https:\/\/sermusicos.com\/index.php\/category\/generos\/clasica\/\" rel=\"category tag\">M\u00fasica Cl\u00e1sica<\/a>","rttpg_excerpt":"Ad\u00e9ntrate en el mundo de la m\u00fasica cl\u00e1sica, donde melod\u00edas elegantes, estructuras precisas y compositores genios dieron vida a un per\u00edodo de esplendor musical.","_links":{"self":[{"href":"https:\/\/sermusicos.com\/index.php\/wp-json\/wp\/v2\/posts\/1876","targetHints":{"allow":["GET"]}}],"collection":[{"href":"https:\/\/sermusicos.com\/index.php\/wp-json\/wp\/v2\/posts"}],"about":[{"href":"https:\/\/sermusicos.com\/index.php\/wp-json\/wp\/v2\/types\/post"}],"author":[{"embeddable":true,"href":"https:\/\/sermusicos.com\/index.php\/wp-json\/wp\/v2\/users\/1"}],"replies":[{"embeddable":true,"href":"https:\/\/sermusicos.com\/index.php\/wp-json\/wp\/v2\/comments?post=1876"}],"version-history":[{"count":32,"href":"https:\/\/sermusicos.com\/index.php\/wp-json\/wp\/v2\/posts\/1876\/revisions"}],"predecessor-version":[{"id":1910,"href":"https:\/\/sermusicos.com\/index.php\/wp-json\/wp\/v2\/posts\/1876\/revisions\/1910"}],"wp:featuredmedia":[{"embeddable":true,"href":"https:\/\/sermusicos.com\/index.php\/wp-json\/wp\/v2\/media\/1878"}],"wp:attachment":[{"href":"https:\/\/sermusicos.com\/index.php\/wp-json\/wp\/v2\/media?parent=1876"}],"wp:term":[{"taxonomy":"category","embeddable":true,"href":"https:\/\/sermusicos.com\/index.php\/wp-json\/wp\/v2\/categories?post=1876"},{"taxonomy":"post_tag","embeddable":true,"href":"https:\/\/sermusicos.com\/index.php\/wp-json\/wp\/v2\/tags?post=1876"}],"curies":[{"name":"wp","href":"https:\/\/api.w.org\/{rel}","templated":true}]}}